{"id":310,"date":"2017-07-10T18:42:12","date_gmt":"2017-07-10T15:42:12","guid":{"rendered":"http:\/\/www.ogrencifaaliyeti.com\/?p=310"},"modified":"2017-07-10T18:42:12","modified_gmt":"2017-07-10T15:42:12","slug":"ogrenci-hareketinde-dev-genc-kirilmasina-giderken","status":"publish","type":"post","link":"http:\/\/www.ogrencifaaliyeti.com\/index.php\/2017\/07\/10\/ogrenci-hareketinde-dev-genc-kirilmasina-giderken\/","title":{"rendered":"\u00d6\u011frenci Hareketinde Dev-Gen\u00e7 K\u0131r\u0131lmas\u0131&#8217;na Giderken"},"content":{"rendered":"<p>*Bu yaz\u0131 \u00d6\u011frenci Faaliyeti Dergisi&#8217;nin 0.say\u0131s\u0131nda yay\u0131nlanm\u0131\u015ft\u0131r.<\/p>\n<p>SOSYAL\u0130ST HAREKET \u0130VME KAZANIYOR!<\/p>\n<p>1960\u2019i\u0131 y\u0131llar birbiriyle ilintili iki geli\u015fme a\u00e7\u0131s\u0131ndan d\u00f6n\u00fcm noktas\u0131yd\u0131. Bir yandan T\u00fcrkiye kapitalizmi d\u00fcnya kapitalizmine eklemlenme y\u00f6n\u00fcnde \u00f6nemli bir at\u0131l\u0131m\u0131n i\u00e7ine giriyor, bir yandan da buna mukabil geli\u015fen i\u015f\u00e7i s\u0131n\u0131f\u0131ndan g\u00fcc\u00fcn\u00fc alan sosyalist hareket uzun bir aradan sonra 13 \u015eubat 1961\u2019de T\u00fcrkiye \u0130\u015f\u00e7i Partisi (T\u00ceP) ile \u00f6nemli bir ivme kazan\u0131yordu. Bu ivmenin \u00f6ncesi de m\u00fccadelelerle doluydu elbette. T\u00fcrkiye Kom\u00fcnist Partili (TKP)Mustafa Suphi ve 15 yolda\u015f\u0131 Kemalistler (\u0130ttihat\u00e7\u0131lar da diyebiliriz) taraf\u0131ndan 28-29 Ocak 1921\u2019de katledildi. Kom\u00fcnistlerin \u00f6rg\u00fctlenme giri\u015fimine vurulan bu ilk darbenin devam\u0131 da geldi. Onca y\u0131l s\u00fcren bask\u0131lar\u0131n ard\u0131ndan gelen 1951 tutuklamalar\u0131, TKP\u2019 nin 1970\u2019lerin ba\u015f\u0131na kadar \u00fclke i\u00e7inde \u00f6rg\u00fctlenme \u00e7abalar\u0131na b\u00fcy\u00fck ket vurdu. Siyasal bask\u0131lar toplumsal olan\u0131 yok etmeye yetmedi. \u00d6zellikle 2.D\u00fcnya Sava\u015f\u0131 sonras\u0131 T\u00fcrkiye kapitalizminin ola\u011fan\u00fcst\u00fc geli\u015fmesinin yaratt\u0131\u011f\u0131 geli\u015fmeler toplumsal taleplerin yank\u0131lanaca\u011f\u0131 yeni bir mecra aray\u0131\u015f\u0131n\u0131n \u00f6n\u00fcn\u00fc a\u00e7t\u0131. Bu aray\u0131\u015fa cevap veren direngen unsurlar 1961 Anayasas\u0131n\u0131n k\u0131smi avantajlar\u0131ndan da yararlanm\u0131\u015ft\u0131. T\u0130P MECL\u0130STE T\u0130P ilk kuruldu\u011funda sosyalist bir parti olmaktan uzakt\u0131. Sosyalizm hedefinden ziyade \u0130ttihat\u00e7\u0131- \u0130tilaf\u00e7\u0131 denkleminin d\u0131\u015f\u0131na \u00e7\u0131k\u0131p i\u015f\u00e7ilerin taleplerini parlamentoda dillendirmek hedefindeydi ve bir i\u015f\u00e7i s\u0131n\u0131f\u0131n\u0131n var oldu\u011funu er yollardan cevap bulma aray\u0131\u015f\u0131ndayd\u0131. Kurulduktan sonra \u00f6ng\u00f6rd\u00fc\u011f\u00fc ilgiyi g\u00f6remeyen parti y\u00f6netimi, ilgiyi ayd\u0131nlar\u0131n deste\u00ad\u011fiyle \u00fczerine \u00e7ekmeyi d\u00fc\u015f\u00fcnd\u00fc ve ayd\u0131nlar\u0131 partiye davet etti. Mehmet Ali Aybar, Behice Boran, Adnan Cemgil (Sinan Cemgil\u2019in babas\u0131), Cemal Hakk\u0131 Selek, Yunus Ko\u00e7ak, Fethi Naci ve bir\u00e7ok ayd\u0131n partiye \u00fcye oldu. Mehmet Ali Aybar 1962\u2019de genel ba\u015fkanl\u0131\u011fa se\u00e7ildi. Mehmet Ali Aybar ile birlikte parti, yeni program ve t\u00fcz\u00fc\u011f\u00fc ile \u201ci\u015f\u00e7ici\u201d bir yap\u0131dan sosyalizmi hedefleyen bir parti h\u00fcviyeti kazand\u0131. K\u0131sa zamanda T\u00ceP ayd\u0131nlar\u0131n ve sosyalistlerin bulu\u015ftu\u011fu bir merkez haline geldi. T\u00ceP kat\u0131ld\u0131\u011f\u0131 1965 se\u00e7imlerinde ald\u0131\u011f\u0131 276 bin oyla, Milli Bakiye ad\u0131 verilen se\u00e7im sistemi sayesinde mecliste 15 sandalye kazand\u0131. Bu ba\u015far\u0131n\u0131n \u00f6nemi \u015fuydu: Ba\u015fta i\u015f\u00e7i s\u0131n\u0131f\u0131 olmak \u00fczere ezilen b\u00fct\u00fcn kesimleri temsil etme sorumlulu\u011funa soyunan bir parti halkta kendisine b\u00fcy\u00fck bir kar\u015f\u0131l\u0131k bulmu\u015f, bu kesimlerin talebini parlamentoda temsil etme f\u0131rsat\u0131 bulmu\u015ftu. En az\u0131ndan parlamenter d\u00fczlemde \u0130ttihat\u00e7\u0131-\u0130tilaf\u00e7\u0131 denklemi bozulmu\u015ftu. Bu durum \u201cT\u00fcrkiye\u2019de sosyalizmin nas\u0131l kurulaca\u011f\u0131\u201d hakk\u0131nda, hem gen\u00e7lik i\u00e7erisinde hem de ayd\u0131nlar aras\u0131nda b\u00fcy\u00fck tart\u0131\u015fmalara yol a\u00e7t\u0131. T\u00ceP\u2019in se\u00e7imlerde yakalad\u0131\u011f\u0131 bu ba\u015far\u0131, \u00f6rg\u00fctlenmeye \u00e7al\u0131\u015fan ba\u015fkald\u0131ran insanlar\u0131n bir d\u00fczeyde T\u00ceP\u2019 le ya da T\u00ceP\u2019in onlarla ba\u011flant\u0131 kurmas\u0131yla peki\u015fti. Bu durum d\u00f6nemin iktidarlar\u0131n\u0131n g\u00f6z\u00fcnde T\u00ceP\u2019in bir \u201ctehdit\u201d olarak alg\u0131lanmas\u0131n\u0131 ve bunun i\u00e7in \u201c\u00e7areler\u201d d\u00fc\u015f\u00fcnmesini beraberinde getirdi. NATO\u2019nun kurulu\u015funun 20.y\u0131l\u0131 dolay\u0131s\u0131yla T\u00ceP\u2019in parlamento g\u00fcc\u00fcn\u00fc de seferber ederek ba\u015flatt\u0131\u011f\u0131 \u2018T\u00fcrkiye\u2019nin NATO\u2019dan Ayr\u0131lmas\u0131\u2019 kampanyas\u0131 b\u00fct\u00fcn muhalif kesimlerden destek ald\u0131. Bu anti-emperyalist y\u00f6nelim ve \u00f6rg\u00fctlemeyi ba\u015fard\u0131\u011f\u0131 kar\u015f\u0131l\u0131k ABD destekli Adalet Partisi (AP) h\u00fck\u00fcmetinin \u201cfa\u015fist ter\u00f6r kart\u0131\u201dn\u0131 devreye sokmas\u0131na yol a\u00e7t\u0131. Devrimcilere kar\u015f\u0131 bask\u0131 y\u00fcr\u00fcrl\u00fc\u011f\u00fcne konulan bu sindirme politikas\u0131 k\u0131sa zamanda direni\u015fin de b\u00fcy\u00fcmesine ve nitelik de\u011fi\u015ftirmesine sebep oldu. 7 Fa\u015fist sald\u0131r\u0131lar\u0131n hem nitelik hem de nicelik olarak s\u0131\u00e7ramas\u0131, bu sald\u0131r\u0131lara cevap \u00fcretmeye \u00e7al\u0131\u015fan ba\u015fta gen\u00e7lik kesimlerinde bir dizi tart\u0131\u015fmaya yol a\u00e7t\u0131. Gen\u00e7lik kesimlerinin \u201cfa\u015fist hareketin nas\u0131l durdurulabilece\u011fine dair\u201d tart\u0131\u015fmalar\u0131 T\u0130P i\u00e7erisinde \u201csosyalizmin yolu ve niteli\u011fi\u201dne y\u00f6\u00adnelik tart\u0131\u015fmalar\u0131 besledi FA\u015e\u0130ST SALDIRILAR DEVREDE! Devlet g\u00fcd\u00fcml\u00fc fa\u015fist ter\u00f6r bir yandan sosyalist \u00f6\u011frenci ve ayd\u0131nlara y\u00f6nelirken di\u011fer yandan T\u0130P\u2019li y\u00f6neticilerin, \u00f6\u011frenci liderlerinin, i\u015f\u00e7i \u00f6nderlerinin g\u00f6zalt\u0131na al\u0131nmas\u0131na ve tutuklanmas\u0131na yol a\u00e7t\u0131. Y\u00fckselen tansiyon Parlamento\u2019ya da s\u0131\u00e7rad\u0131. 19-20 \u015eubat 1968\u2019de TBMM\u2019de \u00c7etin Altan\u2019\u0131n yaz\u0131lar\u0131 nedeniyle yarg\u0131lanmak \u00fczere dokunulmazl\u0131\u011f\u0131\u00adn\u0131n kald\u0131r\u0131lmas\u0131 tart\u0131\u015f\u0131ld\u0131. Bu tart\u0131\u015fma da AP\u2019li milletvekilleri ba\u015fta \u00c7etin Altan olmak \u00fczere T\u0130P\u2019 li milletvekillerini lin\u00e7 edercesine d\u00f6vd\u00fc. Bu olay sosyalistlerin parlamenter ara\u00e7larla sosyalizmi ger\u00e7ekle\u015ftiremeyeceklerine do\u011fru evrilen genel kanaati peki\u015f\u00adtirdi. Lin\u00e7 olay\u0131ndan hemen sonra FKF\u2019nin 25-26 \u015eubat\u2019ta Ankara ve \u0130stanbul\u2019da d\u00fczenledi\u011fi \u2018Uyan\u0131\u015f Mitingleri\u2019 AP\u2019lilerin sald\u0131r\u0131s\u0131na u\u011frad\u0131 ve 3 Mart\u2019ta AP g\u00fcd\u00fcm\u00fcnde olan Milli T\u00fcrk Talebe Birli\u011fi\u2019nin(MTTB) Taksimde d\u00fczenledi\u011fi \u2018\u015eahlan\u0131\u015f Mitingi\u2019 kitlesel bir anti-kom\u00fcnist g\u00f6steri halinde \u2018T\u00fcrkiye\u2019yi Vietnam ve K\u00fcba yapmak isteyenlere\u2019 kar\u015f\u0131 cihad ilan\u0131na d\u00f6n\u00fc\u015ft\u00fc. Fa\u015fist sald\u0131r\u0131lar\u0131n hem nitelik hem de nicelik olarak s\u0131\u00e7ramas\u0131, bu sald\u0131r\u0131lara cevap \u00fcretmeye \u00e7al\u0131\u015fan ba\u015fta gen\u00e7lik kesimlerinde bir dizi tart\u0131\u015fmaya yol a\u00e7t\u0131. Gen\u00e7lik kesimlerinin \u201cfa\u015fist hareketin nas\u0131l durdurulabilece\u011fine dair\u201d tart\u0131\u015fmalar\u0131 T\u00ceP i\u00e7erisinde \u201csosyalizmin yolu ve niteli\u011fi\u201dne y\u00f6nelik tart\u0131\u015fmalar\u0131 besledi. T\u00ceP i\u00e7inde bu minvalde tart\u0131\u015fmalar y\u00fcr\u00fct\u00fcl\u00fcrken T\u00ceP d\u0131\u015f\u0131nda da parti y\u00f6netimine artan d\u00fczeyde ele\u015ftiriler gelmeye ba\u015flad\u0131. Y\u00d6N dergisinin filizlendirdi\u011fi ele\u015ftiriler, Mihri Belli ve \u00e7evresindekilerin ele\u015ftirileriyle a\u015fama kaydetti. T\u00ceP\u2019in solun tek \u00e7at\u0131s\u0131 g\u00f6r\u00fcnt\u00fcs\u00fc sars\u0131l\u0131yordu. Yakla\u015fan Eski T\u00fcfek\u00e7i imzas\u0131yla Y\u00d6N\u2019 de kaleme ald\u0131\u011f\u0131 bir yaz\u0131s\u0131nda Mihri Belli, T\u00ceP y\u00f6netiminin parlamenter sistemle iktidara gelece\u011fini ve sosyalizmi bu \u015fekilde kuraca\u011f\u0131n\u0131 iddia eden \u00e7izgisine kar\u015f\u0131 alternatif bir \u00e7izgi \u00f6neriyordu. Bu y\u00f6nelim daha sonra Milli Demokratik Devrim(MDD) ismiyle \u00f6nemli bir strateji tart\u0131\u015fmas\u0131n\u0131n yata\u011f\u0131na d\u00f6n\u00fc\u015fecekti. Mihri Belli\u2019 ye g\u00f6re T\u00fcrkiye\u2019de devrim, \u00fclkenin \u00f6zg\u00fcl ko\u015fullar\u0131ndan kaynakl\u0131 olarak iki a\u015famayla gelecekti. \u0130lk elden, Kemalist subaylarla kurulan bir ittifak sonucu askeri darbe yap\u0131lacak daha sonra \u015fiddete dayanmayan bir g\u00fczergah takip edilerek i\u015f\u00e7i s\u0131n\u0131f\u0131n\u0131n hakimiyeti kurulacakt\u0131. Bu tart\u0131\u015fmalarla beslenen 2. T\u00ceP Kongresi (1966) MDD\u2019cilerin b\u00fcy\u00fck kentlerdeki etkinli\u011finin yarataca\u011f\u0131 bask\u0131y\u0131 k\u0131rmak i\u00e7in, T\u00ceP kurmaylar\u0131n\u0131n hamlesiyle, Malatya\u2019da topland\u0131. Kongre, anti-emperyalist ve sosyalist m\u00fccadelenin birlikte y\u00fcr\u00fct\u00fclmesini karara ba\u011flayarak kapansa da T\u00ceP\u2019in merkezi \u00e7izgisini savunanlarla, MDD tezini savunanlar \u00fczerinde giderek \u015fiddetlenen bir gerilim d\u00f6nemi a\u00e7\u0131ld\u0131.<\/p>\n<p>FKF D\u00d6NEM\u0130<\/p>\n<p>FKF 12 Kas\u0131m 1965 tarihinde Ankara \u00dcniversitesi Siyasal Bilgiler Fak\u00fcltesi kantininde, Ankara\u2019daki y\u00fcksek\u00f6\u011frenim kurumlar\u0131n\u0131n \u00f6\u011frenci delegeleri taraf\u0131ndan kurulmu\u015ftur. ilk \u00e7\u0131k\u0131\u015f noktas\u0131nda \u00fcniversite gen\u00e7\u00adli\u011finin \u00fclkenin gidi\u015fat\u0131na m\u00fcdahale etmek i\u00e7in etraf\u0131nda topland\u0131\u011f\u0131 sosyalist bir \u00f6rg\u00fct olan FKF daha sonralar\u0131 T\u00ceP ile aras\u0131na mesafe koyamam\u0131\u015f ve T\u0130P\u2019in gen\u00e7lik \u00f6rg\u00fct\u00fc pozisyonunu alm\u0131\u015ft\u0131r. Bu pozisyonu 5-6 Ocak 1969 tarihleri aras\u0131nda 160 delegenin kat\u0131l\u0131m\u0131yla \u0130stanbul\u2019da ger\u00e7ekle\u015ftirilen 3.kurultaya kadar s\u00fcrm\u00fc\u015ft\u00fcr bu kurultaydan sonra ise \u2018parlamento d\u0131\u015f\u0131\u2019 m\u00fccadele y\u00f6ntemini benimseyen MDD\u2019cilerin kontrol\u00fcne ge\u00e7mi\u015ftir.<\/p>\n<p>Kuruldu\u011fu ilk y\u0131llarda \u00fcniversite ve \u00fclke siyasetinin \u00f6nemli bir \u00f6znesi durumunda olan FKF, T\u00ceP gibi parlamento i\u00e7i m\u00fccadele eden bir partiyle yak\u0131nla\u015ft\u0131ktan sonra gen\u00e7lik nezdinde giderek \u2018pasifist&#8217; \u00f6rg\u00fct durumuna d\u00fc\u015fm\u00fc\u015f, gen\u00e7li\u011fin m\u00fccadele y\u00f6ntemine g\u00f6re \u2018yumu\u015fak&#8217; kalan politik hamleler \u00f6nermi\u015ftir ki Vedat Demircio\u011flu&#8217;nun katledilmesinden sonra T\u00ceP \u00e7izgisinde bir politika belirlemi\u015f, katledilen bir devrimcinin cenazesini \u2018provokasyon&#8217; olaca\u011f\u0131n\u0131 ileri s\u00fcrerek Vedat Demircio\u011flu&#8217;nu sahiplenememi\u015ftir. Buradan da \u00e7ok net anlayabiliriz ki gen\u00e7lik \u00f6rg\u00fct\u00fc herhangi bir parti ile yak\u0131n ili\u015fkiler kurdu\u011funda gen\u00e7lik hareketinde \u00e7ok \u00f6nemli olan gen\u00e7li\u011fin kendi \u00f6z g\u00fcc\u00fcn\u00fc kaybetmekte ve \u00f6zg\u00fcn politik hatlar olu\u015fturamamaktad\u0131r. Bu nedenle gen\u00e7\u00adlik olabildi\u011fince kendi \u00f6z g\u00fcc\u00fcyle ili\u015fkiler geli\u015ftirmeli ve bu do\u011frultuda hamleler yapmal\u0131d\u0131r. Bu y\u0131llar, gen\u00e7lik m\u00fccadelesinin genel sosyalist m\u00fccadeleyi strateji tart\u0131\u015fmas\u0131nda etkiledi\u011fi hatta yer yer belirledi\u011fi \u00f6zg\u00fcl tarihsel momentlerden biriydi. MDD\u2019ciler T\u00ceP ve FKF zeminlerinde m\u00fccadeleyi b\u00fcy\u00fctmek, mevcut y\u00f6netime muhalefet \u00e7izgisi \u00f6rg\u00fctleyip, hakimiyet kurma y\u00f6ntemini izlemeye karar verdiler. Mihri Belli SBF\u2019de yapt\u0131\u011f\u0131 bir konu\u015fmada \u2018&#8217;Kimin durumu uygunsa T\u0130P\u2019e girmeli ve bu \u00f6rg\u00fct\u00fc ad\u0131na lay\u0131k bir sosyalist \u00f6rg\u00fct durumuna getirmek i\u00e7in \u00e7al\u0131\u015fmal\u0131d\u0131r&#8221; \u00f6nerisinde bulunuyordu. MDD&#8217; cilerin FKF taban\u0131nda yaratt\u0131klar\u0131 etki FKF 2.Kongresi&#8217;nin ana tart\u0131\u015fmas\u0131n\u0131 olu\u015fturdu. T\u00ceP Genel Ba\u015fkan\u0131 Aybar&#8217;\u0131n ve T\u00ceP y\u00f6netiminin onay\u0131yla genel ba\u015fkanl\u0131\u011fa Do\u011fu Perin\u00e7ek getirildi. Fakat Perin\u00e7ek se\u00e7ildikten sonra yapt\u0131\u011f\u0131 ilk konu\u015fmas\u0131nda MDD tezine yak\u0131n ifadeler kullan\u0131nca T\u00ceP y\u00f6netiminin hesaplar\u0131 bo\u015fa \u00e7\u0131kt\u0131. MDDci muhalefet \u00fclke genelinde yayg\u0131n tek sosyalist gen\u00e7lik \u00f6rg\u00fct\u00fcn\u00fcn y\u00f6netimini T\u00ceP y\u00f6netiminin denetiminden koparm\u0131\u015ft\u0131. 1968 R\u00dcZGARI! T\u00fcrkiye \u00f6zelinde gen\u00e7li\u011fin devrimci dinami\u011fine \u00f6nem veren bir \u00e7izginin sosyalist harekette g\u00fc\u00e7 kazanmas\u0131 ile May\u0131s 1968\u2019de Fransa\u2019da patlak veren ve Bat\u0131 Avrupa&#8217;y\u0131 h\u0131zla saran \u00f6\u011frenci hareketinden k\u0131v\u0131lc\u0131mlanan ayaklanma konjonkt\u00fcr\u00fcn\u00fcn kesi\u015fmesi, Haziran 1968\u2019de \u00f6\u011fretim y\u0131l\u0131 bitmek \u00fczereyken, herkesi \u015fa\u015f\u0131rtan bir atmosfer yaratt\u0131. 10 Haziranda Ankara\u2019da DTCF\u2019de ba\u015flayan hareketlenme, 12 Haziranda \u0130stanbul \u00dcniversitesi Hukuk Fak\u00fcltesi&#8217;ne s\u0131\u00e7rad\u0131. \u00dcniversite reformu talebiyle boykot bi\u00e7iminde ba\u015flayan hareket \u0130stanbul \u00dcniversitesi \u0130\u015fgali&#8217;ne d\u00f6n\u00fc\u015ft\u00fc. FKF bir s\u00fcre sonra kendi \u00f6rg\u00fctlenmesiyle olaylara dahil olunca i\u015fgal yayg\u0131nla\u015ft\u0131. \u0130stanbul&#8217;da \u2018Sa\u011f Sol Yok Boykot Var&#8217; slogan\u0131yla kurulan i\u015fgal komitesi sol ve sosyalistlerin birlikte hareket ettikleri bir zemine d\u00f6n\u00fc\u015ft\u00fc. \u00dc\u00e7 hafta s\u00fcren i\u015fgaller \u00f6\u011frencilerin \u00fcniversitenin asli bile\u015fenlerinden biri olarak muhatap al\u0131nmas\u0131 ve taleplerin k\u0131smen kabul edilmesi \u00fczerine sona erdi. Fakat art\u0131k fitil ate\u015flenmi\u015fti&#8230; \u00d6\u011frenci hareketinin yaratt\u0131\u011f\u0131 dinamizm toplumun di\u011fer kesimlerine de g\u00fc\u00e7 verdi. Temmuz ay\u0131n\u0131n ba\u00ad\u015f\u0131nda Derby Lastik Fabrikas\u0131&#8217;ndaki grevlerin etkisiz kald\u0131\u011f\u0131n\u0131 d\u00fc\u015f\u00fcnen i\u015f\u00e7iler \u00f6\u011frencilerden destek istedi ve ba\u015far\u0131l\u0131 bir i\u015fgal ger\u00e7ekle\u015fti. Yine temmuz ay\u0131nda Amerikan erlerinin denize d\u00f6k\u00fcld\u00fc\u011f\u00fc 6.Filo Eylemi ger\u00e7ekle\u015fti. 6. Filo eylemleri s\u0131ras\u0131nda polis \u00ceT\u00dc yurdunu basm\u0131\u015f ve Vedat Demirco\u011flu&#8217;nu pencereden atarak katletmi\u015fti. Vedat 68 ku\u015fa\u011f\u0131n\u0131n d\u00fc\u015fen ilk ismi olmu\u015ftu. Sosyalist gen\u00e7li\u011fin T\u0130P&#8217;ten b\u00fcy\u00fck \u00f6l\u00e7\u00fcde kopmas\u0131 da bu olaydan sonra ger\u00e7ekle\u015fti. Katledilen Vedat Demircio\u011flu&#8217;na \u00fcyesi oldu\u011fu T\u00ceP sahip \u00e7\u0131kmam\u0131\u015f, kendi partisinin \u00fcyesi oldu\u011funu dahi s\u00f6yleyememi\u015ftir. Bununla gen\u00e7lik h\u0131zla \u2018parlamento d\u0131\u015f\u0131&#8217; m\u00fccadele y\u00f6ntemini belirleyen MDD \u00e7izgisine yak\u0131nla\u015fm\u0131\u015ft\u0131r. Gen\u00e7li\u011fin b\u00fcy\u00fck \u00e7o\u011funlu\u011fu T\u0130P&#8217;i parlamentarist \u00e7izgiyi savunan \u2018pasifist&#8217; bir parti kabul etmi\u015fti. Bu olay gen\u00e7li\u011fin \u00f6z g\u00fcc\u00fcnden ba\u015fka g\u00fcce dayanmamas\u0131 gerekti\u011fini de somut olarak g\u00f6zler \u00f6n\u00fcne sermi\u015ftir. 9 1969 ba\u015flar\u0131nda ise Vietnam Kasab\u0131 lakapl\u0131 Amerikan B\u00fcy\u00fckel\u00e7isi Commer\u2019in arac\u0131 ODT\u00dc\u2019de ate\u015fe verildi. Bu olay \u00fcniversite gen\u00e7li\u011finin anti-emperyalist kimli\u011fini en net bi\u00e7imde ortaya koymu\u015ftur. Olaydan \u00fc\u00e7 g\u00fcn sonra Deniz Gezmi\u015f ve Yusuf Aslan\u2019\u0131n da i\u00e7inde bulundu\u011fu yedi ki\u015fi hakk\u0131nda verilen tutuklama karar\u0131 sonras\u0131nda, 3.000\u2019den fazla \u00f6\u011frenci bir dilek\u00e7eyle kendilerinin de eyleme kat\u0131ld\u0131\u011f\u0131n\u0131 bildirmi\u015ftir. Bu olayla birlikte \u00f6rg\u00fctl\u00fc olmam\u0131n ve bu \u00f6rg\u00fctl\u00fcl\u00fc\u011f\u00fcn \u00fcniversite i\u00e7erisinde yay\u0131lmas\u0131n\u0131n \u00f6nemini g\u00f6rerek gen\u00e7li\u011fin \u00fcniversitede ki politik eylemlere nas\u0131l kay\u0131ts\u0131z kalmad\u0131\u011f\u0131n\u0131 g\u00f6r\u00fcyoruz. Bug\u00fcn\u00fcn ko\u015fullar\u0131nda bu anlamda bir politik duyarl\u0131l\u0131\u011f\u0131 dinamik hale getirmek ve bu duyarl\u0131l\u0131\u011f\u0131 her g\u00fcn yeniden \u00f6rg\u00fctlemek demokratik \u00fcniversite m\u00fccadelesinde temel ta\u015f olarak kar\u015f\u0131m\u0131zda durmaktad\u0131r.<\/p>\n<p>DEV-GEN\u00c7 KIRILMASI<\/p>\n<p>1969 y\u0131l\u0131, T\u00fcrkiye\u2019de \u00f6\u011frenci hareketinin tarihinde ya\u015fad\u0131\u011f\u0131 ilk \u00f6nemli k\u0131r\u0131lmayd\u0131. 1969\u2019lu y\u0131llara gelindi\u011finde \u00fcniversite gen\u00e7li\u011fi her ne kadar MDD tezini savunanlar\u0131n yan\u0131nda yer alm\u0131\u015f olsa da, Mihri Belli\u2019nin ba\u011f\u0131ms\u0131z bir politik \u00f6rg\u00fct konusunda ayak direyi\u015fi ve \u00f6zellikle sol cuntac\u0131larla i\u015f birli\u011fi \u00e7abalar\u0131 gen\u00e7li\u011fin \u00f6nemli bir kesiminin MDD hatt\u0131n\u0131n barutunu t\u00fcketti\u011fini d\u00fc\u015f\u00fcnmesine yol a\u00e7t\u0131. \u00dclk\u00fc\u00ad c\u00fc komandolar\u0131n sald\u0131r\u0131lar\u0131 ve cinayetleri, artan polisiye bask\u0131, tutuklamalar m\u00fccadeleyi \u00fcniversite d\u0131\u015f\u0131na ta\u015f\u0131ma ve buna paralel silahlanma fikrinin g\u00fc\u00e7 kazanmas\u0131na yol a\u00e7t\u0131. Bu atmosferde, 9-10 Ekim 1969 tarihinde FKF 4.Kongresi topland\u0131. Kongre, \u00f6rg\u00fct\u00fcn ad\u0131n\u0131n Dev-Gen\u00e7 olarak bilinecek T\u00fcrkiye Devrimci Gen\u00e7lik Federasyonu(TDGF) olarak de\u011fi\u015ftirilmesi ve yeni bir t\u00fcz\u00fck benimsenmesiyle sonu\u00e7land\u0131. \u0130leride T\u00fcrkiye devrimci hareketi tarihine damga vuracak olan, 71 Ba\u015fkald\u0131r\u0131s\u0131n\u0131n 3 mevzisi THKO, THKP-C ve TKP-ML\u2019yi Dev-Gen\u00e7\u2019in rahle-i tedrisat\u0131ndan ge\u00e7en kadrolar kurdu. Dev-Gen\u00e7\u2019in t\u00fcz\u00fc\u011f\u00fcnde \u2018i\u015f\u00e7i ve k\u00f6yl\u00fc gen\u00e7lerin \u00f6rg\u00fc\u00adt\u00fc\u2019 vurgusu ile \u2018i\u015f\u00e7i ve k\u00f6yl\u00fc gen\u00e7lerin derneklerinin de federasyona \u00fcye olabilece\u011finin yazmas\u0131, m\u00fccadelenin yeni seyrinin \u00fcniversite s\u0131n\u0131rlar\u0131n\u0131 a\u015fma perspektifiyle \u015fekillenece\u011finin g\u00f6stergesiydi. \u0130\u015f\u00e7i ve k\u00f6yl\u00fc eylemlerinin, y\u00fcr\u00fcy\u00fc\u015flerinin organizasyonuna bizzat kat\u0131lan Dev-Gen\u00e7\u2019liler toprak i\u015fgali ve miting yapmak isteyen k\u00f6yl\u00fc ve i\u015f\u00e7ilerin dan\u0131\u015ft\u0131\u011f\u0131 hatta ba\u015fvurdu\u011fu bir \u00f6rg\u00fct olmu\u015ftu. Ve Dev-Gen\u00e7 ilerleyen s\u00fcre\u00e7te \u00fclkenin politik g\u00fcndemine do\u011frudan m\u00fcdahale edecek ve art\u0131k salt \u00fcniversite \u00f6rg\u00fct\u00fc olmad\u0131\u011f\u0131n\u0131 g\u00f6sterecekti.<\/p>\n<p>SONU\u00c7 YER\u0130NE<\/p>\n<p>\u00d6\u011frenci eylemleri \u00fcniversite duvarlar\u0131 i\u00e7inde kalmad\u0131 ve soka\u011fa ta\u015ft\u0131. H\u00fck\u00fcmete, sisteme, Amerikan emperyalizmine kar\u015f\u0131 bir karakter kazand\u0131. Bu nokta bug\u00fcn ki gen\u00e7lik hareketine y\u00f6nelik tart\u0131\u015fmalarda da hayati \u00f6nem arz etmektedir. H\u00fck\u00fcmete, sisteme, Amerikan emperyalizmine kar\u015f\u0131 bir karakter kazanan 68 gen\u00e7lik hareketinin bu tarihsel kazan\u0131m\u0131n\u0131 korumak ve bug\u00fcn de bunu devam ettirmek gen\u00e7lik hareketine devrimci bir nitelik kazand\u0131racakt\u0131r. Gerek \u00fcniversite i\u015fgalleri gerekse \u00fcniversite d\u0131\u015f\u0131nda ki hareketler gen\u00e7lik hareketinin \u00f6z g\u00fcc\u00fcne dayanan, \u00f6zg\u00fcn bir politik hat olu\u015fturma ad\u0131na bug\u00fcn sahiplenilmesi ve yolumuzu \u00e7izerken gen\u00e7li\u011fe \u0131\u015f\u0131k olmas\u0131 gereken tarihsel bir kazan\u0131md\u0131r. Bug\u00fcn de \u00fcniversite gen\u00e7li\u011fi herhangi bir g\u00fcce dayanmadan kendi \u00f6z g\u00fcc\u00fcyle pratikler ortaya koymal\u0131 ve \u00f6z g\u00fcc\u00fcne dayanarak bulundu\u011fu alanlarda \u00f6rg\u00fctlenmelidir. Ancak bu \u015fekilde \u00fcniversitelerimizi, bulundu\u011fumuz alanlar\u0131 toplumsal muhalefetin oda\u011f\u0131 haline getirebilir ve \u00f6z g\u00fcc\u00fcm\u00fczle sistemin bizi i\u00e7ine almaya \u00e7al\u0131\u015ft\u0131\u011f\u0131, \u00fclkenin ve \u00fcniversitenin siyasal g\u00fcndeminde pasifist olmaya itti\u011fi \u00e7ark\u0131 bu \u015fekilde k\u0131rabiliriz. Gen\u00e7lik bu zorlu, bask\u0131 dolu s\u00fcre\u00e7lerden ge\u00e7erek kendi kabu\u011funu k\u0131rm\u0131\u015f ve \u00fclke siyasetinin merkezinde vazge\u00e7ilmez bir muhalif g\u00fc\u00e7 olmay\u0131 ba\u015farm\u0131\u015ft\u0131r.<\/p>\n","protected":false},"excerpt":{"rendered":"<p>*Bu yaz\u0131 \u00d6\u011frenci Faaliyeti Dergisi&#8217;nin 0.say\u0131s\u0131nda yay\u0131nlanm\u0131\u015ft\u0131r. SOSYAL\u0130ST HAREKET \u0130VME KAZANIYOR! 1960\u2019i\u0131 y\u0131llar birbiriyle ilintili iki geli\u015fme a\u00e7\u0131s\u0131ndan d\u00f6n\u00fcm noktas\u0131yd\u0131. Bir yandan T\u00fcrkiye kapitalizmi d\u00fcnya kapitalizmine eklemlenme y\u00f6n\u00fcnde \u00f6nemli bir at\u0131l\u0131m\u0131n i\u00e7ine giriyor, bir yandan da buna mukabil geli\u015fen i\u015f\u00e7i s\u0131n\u0131f\u0131ndan g\u00fcc\u00fcn\u00fc alan sosyalist hareket uzun bir aradan sonra 13 \u015eubat 1961\u2019de T\u00fcrkiye \u0130\u015f\u00e7i Partisi<\/p>\n","protected":false},"author":1,"featured_media":311,"comment_status":"open","ping_status":"open","sticky":false,"template":"","format":"standard","meta":{"footnotes":""},"categories":[27],"tags":[],"class_list":["post-310","post","type-post","status-publish","format-standard","has-post-thumbnail","hentry","category-ogrenci-faaliyeti-yazilari"],"_links":{"self":[{"href":"http:\/\/www.ogrencifaaliyeti.com\/index.php\/wp-json\/wp\/v2\/posts\/310","targetHints":{"allow":["GET"]}}],"collection":[{"href":"http:\/\/www.ogrencifaaliyeti.com\/index.php\/wp-json\/wp\/v2\/posts"}],"about":[{"href":"http:\/\/www.ogrencifaaliyeti.com\/index.php\/wp-json\/wp\/v2\/types\/post"}],"author":[{"embeddable":true,"href":"http:\/\/www.ogrencifaaliyeti.com\/index.php\/wp-json\/wp\/v2\/users\/1"}],"replies":[{"embeddable":true,"href":"http:\/\/www.ogrencifaaliyeti.com\/index.php\/wp-json\/wp\/v2\/comments?post=310"}],"version-history":[{"count":0,"href":"http:\/\/www.ogrencifaaliyeti.com\/index.php\/wp-json\/wp\/v2\/posts\/310\/revisions"}],"wp:featuredmedia":[{"embeddable":true,"href":"http:\/\/www.ogrencifaaliyeti.com\/index.php\/wp-json\/wp\/v2\/media\/311"}],"wp:attachment":[{"href":"http:\/\/www.ogrencifaaliyeti.com\/index.php\/wp-json\/wp\/v2\/media?parent=310"}],"wp:term":[{"taxonomy":"category","embeddable":true,"href":"http:\/\/www.ogrencifaaliyeti.com\/index.php\/wp-json\/wp\/v2\/categories?post=310"},{"taxonomy":"post_tag","embeddable":true,"href":"http:\/\/www.ogrencifaaliyeti.com\/index.php\/wp-json\/wp\/v2\/tags?post=310"}],"curies":[{"name":"wp","href":"https:\/\/api.w.org\/{rel}","templated":true}]}}