{"id":2965,"date":"2025-09-03T20:14:49","date_gmt":"2025-09-03T17:14:49","guid":{"rendered":"http:\/\/www.ogrencifaaliyeti.com\/?p=2965"},"modified":"2025-09-03T20:15:48","modified_gmt":"2025-09-03T17:15:48","slug":"universiteliler-emperyalizme-karsi-direnen-halklarin-yaninda","status":"publish","type":"post","link":"http:\/\/www.ogrencifaaliyeti.com\/index.php\/2025\/09\/03\/universiteliler-emperyalizme-karsi-direnen-halklarin-yaninda\/","title":{"rendered":"\u00dcniversiteliler Emperyalizme Kar\u015f\u0131 Direnen Halklar\u0131n Saf\u0131nda"},"content":{"rendered":"\n<p>Emperyalist-kapitalist sistemin i\u00e7inden ge\u00e7ti\u011fi kriz her ge\u00e7en g\u00fcn derinle\u015fiyor ve kendini d\u00fcnya genelindeki s\u0131cak \u00e7at\u0131\u015fmalar, g\u00f6\u00e7 politikalar\u0131, katliamlar ile g\u00f6z \u00f6n\u00fcne \u00e7\u0131kar\u0131yor. Bu krizin en \u00f6nemli k\u0131r\u0131lma noktalar\u0131ndan birisini ise 7 Ekim 2023 Aksa Tufan\u0131 ve ard\u0131ndan gelen soyk\u0131r\u0131m s\u00fcreci oldu. 2020\u2019lerin ba\u015f\u0131ndan beri s\u00fcregelen d\u00fcnya geneli b\u00f6lgesel \u00e7at\u0131\u015fma s\u00fcre\u00e7lerinde bu k\u0131r\u0131lma noktas\u0131 ile beraber Orta Do\u011fu\u2019daki politik g\u00fc\u00e7 dengeleri yeni bir a\u015famaya ge\u00e7ti. Filistin\u2019deki direni\u015f \u00f6rg\u00fctleri ve \u015eii Direni\u015f Ekseni b\u00fcy\u00fck derecede kay\u0131p ya\u015fad\u0131. Suriye\u2019de 11 y\u0131ll\u0131k i\u00e7 sava\u015f s\u00fcreci Esad iktidar\u0131n\u0131n devrilmesi ve HT\u015e\u2019nin Suriye\u2019de yeni bir rejim in\u015fas\u0131na giri\u015fmesiyle sona erdi. Bu yeni rejimin in\u015fas\u0131 s\u0131ras\u0131nda \u00f6zellikle Alevi halk\u0131n\u0131n ya\u015fad\u0131\u011f\u0131 b\u00f6lgelerde katliamlar s\u00fcreci, Filistin\u2019deki soyk\u0131r\u0131m\u0131n g\u00f6sterdi\u011fi b\u00fcy\u00fck bir toplumsal travman\u0131n Suriye\u2019deki \u00f6rne\u011fi oldu adeta.&nbsp;Emperyalist sistemin i\u00e7ine girdi\u011fi yeni kriz d\u00f6neminin T\u00fcrkiye\u2019deki yans\u0131mas\u0131 ise ancak Ortado\u011fu&#8217;daki yeni \u015fekilleni\u015f ile anla\u015f\u0131labilir. T\u00fcrkiye egemen s\u0131n\u0131flar\u0131 bu yeni \u015fekilleni\u015f i\u00e7erisinde K\u00fcrt Hareketi&#8217;nin bar\u0131\u015f talebini g\u00fcndeme almak ve yeni bir s\u00fcre\u00e7 ba\u015flatmak zorunda kalm\u0131\u015flard\u0131r.&nbsp;<\/p>\n\n\n\n<p>Bu yaz\u0131da mevcut ko\u015fullar i\u00e7erisinde sald\u0131rganl\u0131\u011f\u0131yla do\u011frudan kar\u015f\u0131 kar\u015f\u0131ya kald\u0131\u011f\u0131m\u0131z emperyalist-kapitalist sistemin i\u015fleyi\u015f mant\u0131\u011f\u0131 temel hatlar\u0131yla a\u00e7\u0131klanmaya \u00e7al\u0131\u015f\u0131lacak, halklar\u0131n d\u00fc\u015fmanla\u015ft\u0131r\u0131lmas\u0131na, yok edilmesine kar\u015f\u0131 \u00fcniversitelilerin kimin saf\u0131ndan ni\u00e7in durdu\u011fu anlat\u0131lacakt\u0131r.<\/p>\n\n\n\n<p><strong>Kapitalist Sistemin Yay\u0131lmac\u0131 Tahakk\u00fcm D\u00f6nemi: Emperyalizm<\/strong><\/p>\n\n\n\n<p>Emperyalizm, yaln\u0131zca ekonomik ve askeri geli\u015fmeler \u00fczerinden yorumlanabilecek bir sistem de\u011fildir, ayn\u0131 zamanda politik ve ideolojik bir tahakk\u00fcm bi\u00e7imidir. G\u00fcn\u00fcm\u00fczde sermaye tamamen uluslararas\u0131 bir boyuttad\u0131r ve her alana sirayet etmektedir. Sadece \u00fcretim ve finans alanlar\u0131n\u0131 de\u011fil, turizm ve k\u00fclt\u00fcr gibi \u00fcretim olmayan alanlar da sermayenin kontrol alan\u0131na girmi\u015ftir. Borsa spek\u00fclasyonlar\u0131, dijital i\u015flemler ve blockchain sistemler ve kripto para gibi kavramlar finans sekt\u00f6r\u00fcnde hi\u00e7likten de\u011fer \u00fcreterek sermaye birikimi sa\u011flamaktad\u0131r. Dijital platformlar da bir yandan telif haklar\u0131, abonelik \u00fccretleri ve ek \u00f6zelliklerin sat\u0131\u015f\u0131 gibi kaynaklardan para kazan\u0131rken bir yandan da kullan\u0131c\u0131 verilerini toplayarak ve i\u015fleyerek satmakta, veriler \u00fczerinden kar elde etmektedir. Google, Amazon ve Meta gibi dev \u015firketler bu sermaye birikiminin temel merkezi halindedir. Geleneksel s\u00f6m\u00fcrgecili\u011fin ve fiili i\u015fgalin yerini alan yeni s\u00f6m\u00fcrgecilik ile \u00fclkelerin kendi ekonomisini kurmas\u0131 engellenmektedir. Yat\u0131r\u0131m ad\u0131 alt\u0131nda yap\u0131lan sermaye ihra\u00e7lar\u0131, a\u015f\u0131r\u0131 d\u00fc\u015f\u00fck \u00fccretlerle \u00e7al\u0131\u015ft\u0131r\u0131lan i\u015f\u00e7ilerin u\u011frad\u0131\u011f\u0131 ekstra s\u00f6m\u00fcr\u00fc ve ucuza elde edilen hammaddeler ile emperyalist sermaye, bu yeni s\u00f6m\u00fcrge \u00fclkelerdeki art\u0131 de\u011feri kendi b\u00fcnyesine ak\u0131tarak olas\u0131 rakiplerin \u00f6n\u00fcn\u00fc kesip tekelle\u015fmeyi sa\u011flamla\u015ft\u0131rmaktad\u0131r. Merkezlerdeki \u00fccretten d\u00fc\u015f\u00fck emek \u00fccretleriyle \u00fcretilen metalar\u0131 merkezdeki fiyat\u0131na g\u00f6re satarak a\u015f\u0131r\u0131 kar elde etmekte ve ABD gibi merkez emperyalist \u00fclkelerde i\u015f\u00e7i aristokrasisinin olu\u015fmas\u0131na ve olas\u0131 isyanlar\u0131n \u00f6n\u00fcn\u00fcn kesilmesine olanak yaratmaktad\u0131r. Bu yap\u0131lanma, ba\u011f\u0131ml\u0131 \u00fclkelerin iktisadi, siyasi ve k\u00fclt\u00fcrel \u00f6zerkli\u011fini zay\u0131flatarak, merkez sermayenin \u00e7\u0131karlar\u0131na uygun bir i\u00e7 pazar ve siyasal istikrar ortam\u0131 yaratmaktad\u0131r.<\/p>\n\n\n\n<p>Kapitalizmin en y\u00fcksek a\u015famas\u0131 olan emperyalizm, tarihiyle d\u00fcnya halklar\u0131 \u00fczerinde ne denli b\u00fcy\u00fck bir travmaya yol a\u00e7t\u0131\u011f\u0131n\u0131 kan\u0131tlam\u0131\u015ft\u0131r. Birinci ve ikinci emperyalist payla\u015f\u0131m sava\u015flar\u0131 d\u00f6nemleri, bu d\u00f6nemler haricindeki insanl\u0131k su\u00e7lar\u0131, kitlesel yok olu\u015flar, sermaye d\u00fczeninden kaynaklanan toplumsal felaketler\u2026 Her biri bu d\u00fczenin halklara hi\u00e7bir vaadinin olmad\u0131\u011f\u0131n\u0131n, olamayaca\u011f\u0131n\u0131n kan\u0131t\u0131d\u0131r. Buna kar\u015f\u0131n on y\u0131llard\u0131r emperyalizmi y\u0131kacak kudrete sahip olan halklar, bu sistemin \u00e7atlaklar\u0131ndan s\u0131z\u0131p yeni bir toplumsal tahayy\u00fcl\u00fc ger\u00e7ek k\u0131lamamaktad\u0131r. Bunun en \u00f6nemli sebebi ise halklar\u0131n birbirine d\u00fc\u015fmanla\u015ft\u0131r\u0131lmas\u0131d\u0131r.<br><br><strong>Emperyalizmin Halklar\u0131 D\u00fc\u015fmanla\u015ft\u0131rma Politikalar\u0131<\/strong><\/p>\n\n\n\n<p>Emperyalist-kapitalist sistemin g\u00fc\u00e7 ald\u0131\u011f\u0131 en \u00f6nemli olgulardan biri halklar\u0131n birbirine d\u00fc\u015fman edilmesidir. Halklar\u0131 d\u00fc\u015fmanla\u015ft\u0131rma \u00e7al\u0131\u015fmalar\u0131n\u0131n ba\u015f\u0131nda ise g\u00f6\u00e7men politikalar\u0131 gelmektedir. G\u00f6\u00e7men eme\u011fi, d\u00fc\u015f\u00fck \u00fccretli, g\u00fcvencesiz ve \u00e7o\u011fu zaman sendikas\u0131z ko\u015fullarda \u00e7al\u0131\u015ft\u0131r\u0131larak sermaye i\u00e7in bir a\u015f\u0131r\u0131 s\u00f6m\u00fcr\u00fc alan\u0131 olu\u015fturmaktad\u0131r. Bu a\u015f\u0131r\u0131 s\u00f6m\u00fcr\u00fcy\u00fc korumak ad\u0131na sermaye, iktidarlar ile ortak hareket ederek g\u00f6\u00e7men nefretini \u00f6rg\u00fctlemekte, hukuki d\u00fczenlemelerde haklar\u0131 tamamen vatanda\u015fl\u0131k \u00fczerinden kurarak \u201cvatanda\u015f\u201d ile \u201cg\u00f6\u00e7men\u201d ayr\u0131m\u0131 olu\u015fturmakta ve g\u00f6\u00e7menleri g\u00fcvencesiz ve d\u00fc\u015f\u00fck \u00fccretli i\u015f ko\u015fullar\u0131na mahkum etmektedir. Tam bu noktada ortaya \u00e7\u0131kan bir di\u011fer \u00e7eli\u015fki metropollerdeki \u00fcretim alanlar\u0131nda g\u00f6\u00e7men eme\u011finin vazge\u00e7ilmez bir rol oynamas\u0131na ra\u011fmen g\u00f6\u00e7menlerin s\u00fcrekli d\u0131\u015flanma ve kriminalize edilme tehlikesiyle kar\u015f\u0131 kar\u015f\u0131ya olmas\u0131d\u0131r. \u201cG\u00f6\u00e7 politikalar\u0131\u201d ad\u0131yla cisimle\u015fen bu emek politikalar\u0131 yine uluslararas\u0131 sermayenin a\u015f\u0131r\u0131 s\u00f6m\u00fcr\u00fcy\u00fc s\u00fcrd\u00fcrme plan\u0131n\u0131n temel ta\u015f\u0131d\u0131r. G\u00f6z atmam\u0131z gereken bir di\u011fer kavram ise s\u0131n\u0131r \u015fiddetidir. S\u0131n\u0131r \u015fiddeti, g\u00f6\u00e7menlerin sadece ekonomik a\u00e7\u0131dan s\u00f6m\u00fcr\u00fclmesini de\u011fil, ayn\u0131 zamanda fiziksel a\u00e7\u0131dan da \u015fiddetle kar\u015f\u0131la\u015fmalar\u0131na yol a\u00e7ar. Avrupa&#8217;n\u0131n g\u00fcney s\u0131n\u0131rlar\u0131 ile Amerika&#8217;n\u0131n Meksika s\u0131n\u0131r\u0131ndaki askeri g\u00fc\u00e7ler, fiziksel s\u0131n\u0131r duvarlar\u0131, tel \u00f6rg\u00fcler, toplama kamplar\u0131 ve memlekette \u201cgeri g\u00f6nderme merkezi\u201d ad\u0131yla g\u00f6rd\u00fc\u011f\u00fcm\u00fcz zorla s\u0131n\u0131r d\u0131\u015f\u0131 etme uygulamalar\u0131 s\u0131n\u0131r \u015fiddetinin temel ara\u00e7lar\u0131d\u0131r. S\u0131n\u0131r b\u00f6lgelerinde bu ara\u00e7lar ile g\u00f6\u00e7menler \u00f6zg\u00fcrl\u00fcklerinden mahrum b\u0131rak\u0131lmakta, e\u015fyalar\u0131na el konulmakta ve \u00e7e\u015fitli i\u015fkencelere maruz b\u0131rak\u0131lmaktad\u0131rlar. Ayr\u0131ca s\u0131n\u0131r \u015fiddeti iktidar\u0131n pop\u00fclist s\u00f6ylemler ile g\u00f6\u00e7men nefretini ve fa\u015fizmi kitlelere yaymakta bir ara\u00e7 olarak da i\u015flev g\u00f6stermektedir. B\u00fct\u00fcn bu pratikler hem sermayenin s\u0131n\u0131rlar\u0131 a\u015fmas\u0131na hem de eme\u011fin ulusal s\u0131n\u0131rlara hapsolmas\u0131na yol a\u00e7maktad\u0131r.<\/p>\n\n\n\n<p>Salt g\u00f6\u00e7 krizi de\u011fil, ayn\u0131 zamanda belli k\u00fclt\u00fcrel, siyasi, dini, etnik olgular \u00f6ne s\u00fcr\u00fclerek \u00e7at\u0131\u015fma s\u00fcre\u00e7leri yo\u011funla\u015ft\u0131r\u0131lmaktad\u0131r. Bug\u00fcn \u0130srail, soyk\u0131r\u0131m\u0131 Filistinlileri \u201chayvan\u201d olarak tan\u0131mlayarak me\u015frula\u015ft\u0131rmaya \u00e7al\u0131\u015f\u0131yor. HT\u015e, Alevilere y\u00f6nelik toplumsal nefretten g\u00fc\u00e7 alarak bu katliamlar\u0131 yapacak g\u00fcc\u00fc ve cesareti bulabiliyor. T\u00fcrkiye\u2019de g\u00f6\u00e7menlere y\u00f6nelik \u00f6nyarg\u0131 ve nefret g\u00fcndelik hayat\u0131n i\u00e7inde s\u00fcrekli yeniden \u00f6rg\u00fctleniyor, g\u00f6\u00e7men bir maden i\u015f\u00e7isi yak\u0131larak \u00f6ld\u00fcr\u00fclebiliyor. Bu olaylar d\u00fcnyan\u0131n her yerinde m\u00fcnferit birer durum olarak de\u011fil, d\u00fczenin y\u0131k\u0131c\u0131 olgusu olarak kar\u015f\u0131m\u0131za \u00e7\u0131k\u0131yor.<\/p>\n\n\n\n<p><strong>\u00dcniversiteliler Kimin Saf\u0131nda, Neyi Savunuyor?<\/strong><\/p>\n\n\n\n<p>Emperyalist politikalar\u0131n etkiledi\u011fi bir di\u011fer alan ise \u00fcniversiteler. Bologna s\u00fcreci ile ba\u015flayan ve aslen bilgi \u00fcretim merkezleri olan \u00fcniversiteleri, \u201caz-geli\u015fmi\u015f\u201d \u00fclkelere medeniyet g\u00f6t\u00fcrme projesi alt\u0131na gizleyerek \u00fcniversiteleri sermayeye eklemlenen kalifiye eleman \u00fcretme merkezine \u00e7evirmektedir. Bologna s\u00fcrecinden sonra \u00fcniversiteler halk i\u00e7in bilgi \u00fcretimine de\u011fil sermayenin AR-GE merkezlerine d\u00f6n\u00fc\u015ft\u00fcr\u00fclm\u00fc\u015ft\u00fcr. Ayr\u0131ca emperyalist sava\u015flar\u0131 finanse etmek ve kar sa\u011flamak ad\u0131na sava\u015f end\u00fcstrisi i\u00e7in teknoloji \u00fcretilmesi iktidar eliyle sa\u011flanm\u0131\u015ft\u0131r. Bunun en net \u00f6rne\u011fi \u00f6zellikle m\u00fchendislik fak\u00fcltelerinde \u00f6ne \u00e7\u0131kan Teknofest\u2019lerdir. Teknofestlerde m\u00fchendislik \u00f6\u011frencilerinin \u00fcretti\u011fi teknolojiler Sanayi ve Teknoloji Bakanl\u0131\u011f\u0131 ve iktidar\u0131n sava\u015f end\u00fcstrisindeki kolu olan BAYKAR i\u015fbirli\u011finde emperyalist sava\u015f ad\u0131na kullan\u0131lmaktad\u0131r. Ayr\u0131ca \u0130srail\u2019de ayn\u0131 \u015fekilde sava\u015f end\u00fcstrisine yapt\u0131\u011f\u0131 yat\u0131r\u0131mlar ve \u0130srail \u0130\u015fgal Ordusuyla yapt\u0131\u011f\u0131 i\u015fbirlikleriyle bilinen Hayfa \u00dcniversitesi ve memlekette bu \u00fcniversite ile anla\u015fmalar\u0131 bulunan \u00fcniversiteler, emperyalist sava\u015f\u0131n tamamen sermaye ad\u0131na yap\u0131ld\u0131\u011f\u0131n\u0131n bir g\u00f6stergesidir.<\/p>\n\n\n\n<p>Bunlar g\u00f6z \u00f6n\u00fcne al\u0131nd\u0131\u011f\u0131nda kamp\u00fcsler yaln\u0131zca \u00f6\u011frencilerin veya memleketin genel sorunlar\u0131n\u0131n sirayet etti\u011fi alanlar olarak de\u011fil emperyalist politikalar\u0131n da hedefinde olan mekanlard\u0131r. Kamp\u00fcsleri bug\u00fcn anti-emperyalist m\u00fccadelenin kritik mekanlar\u0131ndan birisi haline getirmek g\u00f6revimizdir. Nas\u0131l 68\u2019de Vietnam ve Filistin halk\u0131n\u0131n m\u00fccadeleleri ile y\u00fckselen anti-emperyalist m\u00fccadelenin \u00e7\u0131k\u0131\u015f yeri kamp\u00fcsler ise bug\u00fcn de kamp\u00fcsleri emperyalist krizleri derinle\u015ftirmek ve m\u00fccadeleyi \u00f6rg\u00fctlemek i\u00e7in birer mekan haline getirmemiz gerekmektedir. Emperyalist politikalar\u0131n ortaya \u00e7\u0131kard\u0131\u011f\u0131 g\u00f6\u00e7men nefretine, \u0131rk\u00e7\u0131l\u0131\u011fa, kariyerizme, kamp\u00fcslerin sermayeye a\u00e7\u0131lmas\u0131na, iktidar\u0131n hegemonyas\u0131na kar\u015f\u0131 m\u00fccadele etmek; \u00fcniversiteleri halk i\u00e7in bilgi \u00fcreten, \u00f6zerk-demokratik yap\u0131lara \u00e7evirmek i\u00e7in kritik bir noktad\u0131r.<\/p>\n\n\n\n<p><a><\/a><strong>Sonu\u00e7: Anti-Emperyalist Hat, Bug\u00fcn \u00dcniversitelerde de \u00d6rg\u00fctlenmelidir<\/strong><\/p>\n\n\n\n<p>Emperyalist-kapitalist sistemin krizinin daha da derinle\u015fti\u011fi bu tarihsel kesitte, \u00fcniversiteler yaln\u0131zca bilimsel bilginin \u00fcretildi\u011fi alanlar de\u011fil, emperyalist tahakk\u00fcm\u00fcn yeniden \u00fcretildi\u011fi mek\u00e2nlar haline gelmi\u015ftir. Teknofest\u2019lerle sava\u015fa insan kayna\u011f\u0131 yeti\u015ftirilen, AR-GE ad\u0131 alt\u0131nda emperyalist end\u00fcstriye entegre edilen kamp\u00fcsler; art\u0131k yaln\u0131zca e\u011fitimin de\u011fil, sava\u015f\u0131n da laboratuvar\u0131d\u0131r.<\/p>\n\n\n\n<p>Bu d\u00fczenin krizini f\u0131rsata \u00e7eviren sermaye, sava\u015f teknolojileriyle kar\u0131n\u0131 katlarken; ayn\u0131 zamanda i\u00e7eride g\u00f6\u00e7men d\u00fc\u015fmanl\u0131\u011f\u0131, s\u0131n\u0131r \u015fiddeti ve \u0131rk\u00e7\u0131 s\u00f6ylemlerle kitleleri hizaya getirmektedir. \u00dcniversite gen\u00e7li\u011fi ise bu hizalanmay\u0131 k\u0131rabilecek, d\u00fczenin kurdu\u011fu saflar\u0131 da\u011f\u0131tabilecek biricik toplumsal dinami\u011fi temsil eder. \u00c7\u00fcnk\u00fc emperyalist tahakk\u00fcm\u00fcn kurdu\u011fu en g\u00f6r\u00fcnmez duvarlar; kamp\u00fcslerin duvarlar\u0131d\u0131r.<\/p>\n\n\n\n<p>O halde \u00f6n\u00fcm\u00fczde iki g\u00f6rev durmaktad\u0131r: Birincisi, emperyalist politikalar\u0131n kamp\u00fcslerdeki yeniden \u00fcretimini if\u015fa etmek ve bu d\u00fczene ideolojik-politik bir itiraz \u00f6rg\u00fctlemektir. \u0130kincisi ise \u00fcniversiteleri, halklar\u0131n m\u00fccadelesiyle birle\u015fen, bilgi \u00fcretimini sermaye i\u00e7in de\u011fil toplum i\u00e7in \u00f6rg\u00fctleyen, sava\u015fa de\u011fil ya\u015fama hizmet eden bir hatta yeniden in\u015fa etmektir.<\/p>\n\n\n\n<p>Bu g\u00f6rev yaln\u0131zca bir te\u015fhir de\u011fil, bir kurma faaliyetidir. Bug\u00fcn kamp\u00fcslerde at\u0131lacak her ad\u0131m, \u00fcretilecek her alternatif bilgi, her dayan\u0131\u015fma a\u011f\u0131; emperyalist sald\u0131rganl\u0131\u011fa kar\u015f\u0131 \u00f6r\u00fclecek devrimci bir savunma hatt\u0131n\u0131n ilk tu\u011flas\u0131 olacakt\u0131r.<\/p>\n\n\n\n<p>Bug\u00fcn anti-emperyalist m\u00fccadele, \u201cbizim d\u0131\u015f\u0131m\u0131zdaki\u201d cephelerde de\u011fil, do\u011frudan i\u00e7inde ya\u015fad\u0131\u011f\u0131m\u0131z mekanlarda y\u00fcr\u00fct\u00fclmek zorundad\u0131r. Sava\u015f\u0131n kodlar\u0131n\u0131n yaz\u0131ld\u0131\u011f\u0131 laboratuvarlara, nefretin yeniden \u00fcretildi\u011fi amfilere, sermayeye hizmet eden diplomalara kar\u015f\u0131; halklar aras\u0131nda dayan\u0131\u015fmay\u0131, ezilenler aras\u0131nda \u00f6rg\u00fctl\u00fc m\u00fccadeleyi savunmak, \u00fcniversiteli gen\u00e7li\u011fin tarihsel ve politik sorumlulu\u011fudur.<\/p>\n\n\n\n<p>Emperyalizme kar\u015f\u0131 m\u00fccadelenin halklar\u0131n karde\u015fli\u011fiyle birle\u015fti\u011fi bir \u00e7izgiyi, \u015fimdi \u00fcniversitelerde kurma zaman\u0131d\u0131r.<\/p>\n","protected":false},"excerpt":{"rendered":"<p>Emperyalist-kapitalist sistemin i\u00e7inden ge\u00e7ti\u011fi kriz her ge\u00e7en g\u00fcn derinle\u015fiyor ve kendini d\u00fcnya genelindeki s\u0131cak \u00e7at\u0131\u015fmalar, g\u00f6\u00e7 politikalar\u0131, katliamlar ile g\u00f6z \u00f6n\u00fcne \u00e7\u0131kar\u0131yor. Bu krizin en \u00f6nemli k\u0131r\u0131lma noktalar\u0131ndan birisini ise 7 Ekim 2023 Aksa Tufan\u0131 ve ard\u0131ndan gelen soyk\u0131r\u0131m s\u00fcreci oldu. 2020\u2019lerin ba\u015f\u0131ndan beri s\u00fcregelen d\u00fcnya geneli b\u00f6lgesel \u00e7at\u0131\u015fma s\u00fcre\u00e7lerinde bu k\u0131r\u0131lma noktas\u0131 ile beraber<\/p>\n","protected":false},"author":1,"featured_media":2966,"comment_status":"open","ping_status":"open","sticky":false,"template":"","format":"standard","meta":{"footnotes":""},"categories":[38,27,37],"tags":[],"class_list":["post-2965","post","type-post","status-publish","format-standard","has-post-thumbnail","hentry","category-ogrenci-faaliyeti-dergisi","category-ogrenci-faaliyeti-yazilari","category-yayinlarimiz"],"_links":{"self":[{"href":"http:\/\/www.ogrencifaaliyeti.com\/index.php\/wp-json\/wp\/v2\/posts\/2965","targetHints":{"allow":["GET"]}}],"collection":[{"href":"http:\/\/www.ogrencifaaliyeti.com\/index.php\/wp-json\/wp\/v2\/posts"}],"about":[{"href":"http:\/\/www.ogrencifaaliyeti.com\/index.php\/wp-json\/wp\/v2\/types\/post"}],"author":[{"embeddable":true,"href":"http:\/\/www.ogrencifaaliyeti.com\/index.php\/wp-json\/wp\/v2\/users\/1"}],"replies":[{"embeddable":true,"href":"http:\/\/www.ogrencifaaliyeti.com\/index.php\/wp-json\/wp\/v2\/comments?post=2965"}],"version-history":[{"count":2,"href":"http:\/\/www.ogrencifaaliyeti.com\/index.php\/wp-json\/wp\/v2\/posts\/2965\/revisions"}],"predecessor-version":[{"id":2968,"href":"http:\/\/www.ogrencifaaliyeti.com\/index.php\/wp-json\/wp\/v2\/posts\/2965\/revisions\/2968"}],"wp:featuredmedia":[{"embeddable":true,"href":"http:\/\/www.ogrencifaaliyeti.com\/index.php\/wp-json\/wp\/v2\/media\/2966"}],"wp:attachment":[{"href":"http:\/\/www.ogrencifaaliyeti.com\/index.php\/wp-json\/wp\/v2\/media?parent=2965"}],"wp:term":[{"taxonomy":"category","embeddable":true,"href":"http:\/\/www.ogrencifaaliyeti.com\/index.php\/wp-json\/wp\/v2\/categories?post=2965"},{"taxonomy":"post_tag","embeddable":true,"href":"http:\/\/www.ogrencifaaliyeti.com\/index.php\/wp-json\/wp\/v2\/tags?post=2965"}],"curies":[{"name":"wp","href":"https:\/\/api.w.org\/{rel}","templated":true}]}}