{"id":2958,"date":"2025-09-01T20:19:20","date_gmt":"2025-09-01T17:19:20","guid":{"rendered":"http:\/\/www.ogrencifaaliyeti.com\/?p=2958"},"modified":"2025-09-01T20:19:20","modified_gmt":"2025-09-01T17:19:20","slug":"eylem-gunlugu-vakif-universiteleri","status":"publish","type":"post","link":"http:\/\/www.ogrencifaaliyeti.com\/index.php\/2025\/09\/01\/eylem-gunlugu-vakif-universiteleri\/","title":{"rendered":"Eylem G\u00fcnl\u00fc\u011f\u00fc: Vak\u0131f \u00dcniversiteleri"},"content":{"rendered":"\n<p>\u00dcniversiteler art\u0131k yaln\u0131zca bilginin \u00fcretildi\u011fi kamusal alanlar de\u011fil; ayn\u0131 zamanda sermayenin, tahakk\u00fcm ili\u015fkilerini yeniden \u00fcretti\u011fi mek\u00e2nlara d\u00f6n\u00fc\u015fm\u00fc\u015f durumda. \u00d6zellikle vak\u0131f \u00fcniversiteleri, bu d\u00f6n\u00fc\u015f\u00fcm\u00fcn en \u00e7arp\u0131c\u0131 y\u00fcz\u00fcn\u00fc olu\u015fturuyor. Gen\u00e7li\u011fe y\u00f6nelik bask\u0131lar, burada \u00e7ok daha rafine; kariyerist dayatmalar, \u00e7ok daha \u00f6rt\u00fck. \u00d6\u011frencinin \u00f6znesi de\u011fil, m\u00fc\u015fterisi say\u0131ld\u0131\u011f\u0131 bu alanlarda, e\u011fitim hizmetten \u00e7ok piyasa \u00fcr\u00fcn\u00fc; \u00fcniversite ise kamusal bir alan de\u011fil, do\u011frudan \u015firket mant\u0131\u011f\u0131yla i\u015fleyen bir i\u015fletme gibi \u00e7al\u0131\u015f\u0131yor.<\/p>\n\n\n\n<p>Bar\u0131nma, beslenme, ula\u015f\u0131m gibi en temel haklar \u00f6\u011frencinin s\u0131rt\u0131nda ta\u015f\u0131d\u0131\u011f\u0131 a\u011f\u0131r maddi y\u00fckler haline gelirken; geriye kalan \u015fey, bor\u00e7la \u00f6r\u00fclm\u00fc\u015f bir ya\u015fam, g\u00fcvencesizlikle ku\u015fat\u0131lm\u0131\u015f bir gelecek oluyor. Ancak bu tabloyu kabul etmeyen, itiraz\u0131n\u0131 b\u00fcy\u00fcten bir gen\u00e7lik hatt\u0131 da \u00f6r\u00fclmeye ba\u015fland\u0131.<\/p>\n\n\n\n<p>Son aylarda Beykent \u00dcniversitesi ve Bah\u00e7e\u015fehir \u00dcniversitesi\u2019nde ortaya \u00e7\u0131kan pratikler, bu hatt\u0131n sadece tepkisel de\u011fil; \u00f6rg\u00fctl\u00fc, bilin\u00e7li ve kazan\u0131m odakl\u0131 bir mecraya evrildi\u011fini g\u00f6steriyor. Beykent \u00dcniversitesi\u2019nde yemekhane \u00fccretlerine yap\u0131lan y\u00fczde y\u00fcze yak\u0131n zam, \u00f6\u011frencilerin en temel ya\u015fam hakk\u0131na do\u011frudan bir sald\u0131r\u0131yd\u0131. \u00dcniversite y\u00f6netimi, beslenme hakk\u0131n\u0131 bile ticarile\u015ftirerek sermayenin \u00e7\u0131karlar\u0131n\u0131 \u00f6nceledi\u011fini bir kez daha ortaya koydu. Ancak bu kez kar\u015f\u0131lar\u0131nda sessiz ve da\u011f\u0131n\u0131k bir \u00f6\u011frenci toplulu\u011fu yoktu.<\/p>\n\n\n\n<p>Farkl\u0131 fak\u00fcltelerden ve kamp\u00fcslerden \u00f6\u011frenciler bir araya gelerek dilek\u00e7e s\u00fcreci ba\u015flatt\u0131, k\u0131sa s\u00fcrede y\u00fczlerce dilek\u00e7e topland\u0131. Kapal\u0131 kap\u0131lar ard\u0131nda al\u0131nan kararlar kamp\u00fcs\u00fcn d\u00f6rt bir yan\u0131nda \u00f6rg\u00fctl\u00fc itirazlarla kar\u015f\u0131land\u0131. Bu yan yana geli\u015f, sadece zam karar\u0131n\u0131 geri \u00e7ektirmekle kalmad\u0131; ayn\u0131 zamanda me\u015fru ve kolektif bir m\u00fccadele hatt\u0131n\u0131n neleri m\u00fcmk\u00fcn k\u0131labilece\u011fini bir kez daha g\u00f6sterdi.<\/p>\n\n\n\n<p>Bah\u00e7e\u015fehir \u00dcniversitesi\u2019nde Mart ay\u0131nda a\u00e7\u0131klanan fahi\u015f \u00f6\u011frenim zamm\u0131, zaten ekonomik krizin pen\u00e7esinde ya\u015famaya \u00e7al\u0131\u015fan \u00f6\u011frenciler i\u00e7in barda\u011f\u0131 ta\u015f\u0131ran son damla oldu. \u00dcniversite y\u00f6netiminin, m\u00fctevelli heyeti eliyle ald\u0131\u011f\u0131 bu tepeden inme karar, kamp\u00fcs\u00fcn d\u00f6rt bir yan\u0131nda yank\u0131lanan hakl\u0131 bir \u00f6fkeye d\u00f6n\u00fc\u015ft\u00fc. \u00d6\u011frenciler, bir kez daha m\u00fc\u015fteri de\u011fil, \u00f6zne olduklar\u0131n\u0131 hat\u0131rlatt\u0131. Forumlar, dilek\u00e7e kampanyalar\u0131, arka arkaya d\u00fczenlenen eylemlerle birlikte, \u00fcniversitenin yaln\u0131zca e\u011fitim mek\u00e2n\u0131 de\u011fil; ayn\u0131 zamanda bir itiraz alan\u0131 oldu\u011fu hat\u0131rlat\u0131ld\u0131.<\/p>\n\n\n\n<p>Bu s\u00fcre\u00e7, yaln\u0131zca bir zam protestosunun \u00f6tesinde, gen\u00e7li\u011fin kolektif haf\u0131zas\u0131nda iz b\u0131rakacak bir \u00f6rg\u00fctlenme deneyimine d\u00f6n\u00fc\u015ft\u00fc. Be\u015f g\u00fcn boyunca s\u00fcren ve kamp\u00fcs\u00fcn t\u00fcm\u00fcne yay\u0131lan eylemlilikler, \u00f6\u011frenci hareketinin yaln\u0131zca taleplerle s\u0131n\u0131rl\u0131 kalmad\u0131\u011f\u0131n\u0131; ayn\u0131 zamanda \u00fcniversitenin \u015firketle\u015fmesine, sermaye odakl\u0131 mant\u0131\u011f\u0131n kurumsalla\u015fmas\u0131na kar\u015f\u0131 da politik bir irade g\u00f6sterdi\u011fini ortaya koydu.<\/p>\n\n\n\n<p>Zamlar\u0131n protesto edildi\u011fi alanlar, bir anda \u00fcniversitenin vitrini haline gelen reklam panolar\u0131na, yani \u00f6zel \u015firketlerin tan\u0131t\u0131m\u0131na ayr\u0131lm\u0131\u015f b\u00f6lgelere ta\u015f\u0131nd\u0131. Bu m\u00fcdahale, yaln\u0131zca bir mek\u00e2nsal geni\u015fleme de\u011fil; do\u011frudan \u00fcniversitenin k\u00e2r d\u00fczenine y\u00f6nelen politik bir hamleydi. \u00d6\u011frencilerin rekt\u00f6rl\u00fckle g\u00f6r\u00fc\u015fme talebi, markas\u0131na zarar gelmesinden endi\u015fe duyan \u00fcniversite y\u00f6netimi taraf\u0131ndan bu kez g\u00f6rmezden gelinemedi. G\u00f6r\u00fc\u015fme ger\u00e7ekle\u015fti. Bu tablo, bir yandan \u00f6rg\u00fctl\u00fc m\u00fccadelenin g\u00fcc\u00fcn\u00fc ortaya koyarken; di\u011fer yandan vak\u0131f \u00fcniversitelerinin esas \u00f6nceli\u011finin \u201ce\u011fitim\u201d de\u011fil, marka de\u011feri ve sermaye ili\u015fkilerini korumak oldu\u011funu da a\u00e7\u0131k bi\u00e7imde g\u00f6sterdi.<\/p>\n\n\n\n<p>Tam da bu s\u00fcre\u00e7te, m\u00fctevelli heyeti ba\u015fkan\u0131 Enver Y\u00fccel\u2019in kamuoyuna gururla duyurdu\u011fu bir ba\u015fka geli\u015fme g\u00fcndeme geldi: Bah\u00e7e\u015fehir \u00dcniversitesi\u2019nin, ayn\u0131 g\u00fcnlerde Be\u015fikta\u015f Futbol Kul\u00fcb\u00fc\u2019ne 1.7 milyar liral\u0131k hibe aktard\u0131\u011f\u0131 \u00f6\u011frenildi. Bu ger\u00e7eklik, \u00f6\u011frencilerden toplanan \u00fccretlerin nereye y\u00f6nlendirildi\u011fini ve vak\u0131f \u00fcniversitelerinin kimlerin \u00e7\u0131karlar\u0131na hizmet etti\u011fini bir kez daha g\u00f6zler \u00f6n\u00fcne serdi.<\/p>\n\n\n\n<p>T\u00fcm bu geli\u015fmelerin ard\u0131ndan Bah\u00e7e\u015fehir \u00dcniversitesi y\u00f6netimi geri ad\u0131m att\u0131. Zamlar geri \u00e7ekildi. Ancak bu kazan\u0131m, sadece bir ekonomik d\u00fczenleme de\u011fil; vak\u0131f \u00fcniversitelerinde \u00f6rg\u00fctl\u00fc m\u00fccadelenin m\u00fcmk\u00fcn ve etkili oldu\u011funu g\u00f6steren tarihsel bir deneyim olarak kayda ge\u00e7ti.<\/p>\n\n\n\n<p>Bah\u00e7e\u015fehir\u2019de ortaya \u00e7\u0131kan kararl\u0131 duru\u015f, yaln\u0131zca izole bir tepki ya da ge\u00e7ici bir kazan\u0131m de\u011fil; vak\u0131f \u00fcniversitelerinde giderek \u00f6r\u00fclen daha geni\u015f bir politik hatt\u0131n par\u00e7as\u0131 olarak okunmal\u0131. \u00d6zellikle 19 Mart\u2019ta ger\u00e7ekle\u015fen Sara\u00e7hane \u00e7a\u011fr\u0131s\u0131, bu hatt\u0131n g\u00f6r\u00fcn\u00fcrle\u015fti\u011fi, ortakla\u015ft\u0131\u011f\u0131 ve politik bir e\u015fik haline geldi\u011fi bir d\u00f6n\u00fcm noktas\u0131yd\u0131. \u00dcniversitelerden ger\u00e7ekle\u015fen bu \u00e7a\u011fr\u0131, yaln\u0131zca bir y\u00fcr\u00fcy\u00fc\u015f de\u011fil; geleceksizlik, bask\u0131 ve ekonomik kriz kar\u015f\u0131s\u0131nda \u00fcniversite gen\u00e7li\u011finin birlikte s\u00f6z kurabilece\u011fini g\u00f6steren g\u00fc\u00e7l\u00fc bir \u00e7\u0131k\u0131\u015ft\u0131.<\/p>\n\n\n\n<p>Bu eylem hatt\u0131, farkl\u0131 \u00fcniversiteler aras\u0131nda bir dayan\u0131\u015fma zemininin kurulmas\u0131n\u0131 sa\u011flad\u0131. Bilgi, Ko\u00e7, \u00d6zye\u011fin ve daha bir\u00e7ok vak\u0131f \u00fcniversitesinde \u00f6\u011frenciler kendi kamp\u00fcslerinden y\u00fckselen itirazlar\u0131 ortak bir g\u00fcndemde bulu\u015fturarak m\u00fccadeleyi daha yap\u0131sal bir hatta ta\u015f\u0131d\u0131. Zamlar, bask\u0131lar, sermaye odakl\u0131 y\u00f6netim bi\u00e7imleri art\u0131k yaln\u0131zca \u015fik\u00e2yet konusu de\u011fil; bu sorunlar\u0131n etraf\u0131nda \u00f6r\u00fclen \u00f6rg\u00fctl\u00fc kar\u015f\u0131 \u00e7\u0131k\u0131\u015f, s\u00fcreklili\u011fi ve yayg\u0131nla\u015fmay\u0131 hedefleyen bir politik bilince evriliyor.<\/p>\n\n\n\n<p>Uzun s\u00fcredir vak\u0131f \u00fcniversitelerinde eksikli\u011fi hissedilen bu kolektif politik y\u00f6nelim, bug\u00fcn yeniden kuruluyor. \u00d6\u011frenciler yaln\u0131zca yemekhane ya da \u00f6\u011frenim \u00fccreti zamlar\u0131na kar\u015f\u0131 de\u011fil; m\u00fctevelli heyetlerinin belirleyici g\u00fcc\u00fcne, \u015firketle\u015fen \u00fcniversite yap\u0131s\u0131na ve sermaye merkezli e\u011fitim politikalar\u0131na kar\u015f\u0131 da s\u00f6z \u00fcretiyor. Kamp\u00fcsler, tart\u0131\u015fman\u0131n yaln\u0131zca nesnesi de\u011fil, bizzat \u00f6znesi haline geliyor. Bu, \u00f6\u011frencilerin edilgen birer fig\u00fcr de\u011fil; do\u011frudan politik \u00f6zne olarak kendi ya\u015fam\u0131na m\u00fcdahale eden, karar s\u00fcre\u00e7lerine dahil olan, m\u00fccadele zeminini kolektif olarak kuran akt\u00f6rlere d\u00f6n\u00fc\u015ft\u00fc\u011f\u00fcn\u00fc g\u00f6steriyor.<\/p>\n\n\n\n<p>Sara\u00e7hane \u00e7a\u011fr\u0131s\u0131, bu anlamda yaln\u0131zca tepki de\u011fil; bir kurucu iradenin ilk ad\u0131m\u0131yd\u0131. \u00d6\u011frenciler, ya\u015fad\u0131klar\u0131 krize yan\u0131t vermekle kalmad\u0131; bu krizin sorumlular\u0131na kar\u015f\u0131 kendi politik hatt\u0131n\u0131 kurma cesareti de g\u00f6sterdi.<\/p>\n\n\n\n<p>Bu tabloyu yaln\u0131zca anl\u0131k bir \u00f6fke patlamas\u0131 olarak g\u00f6rmek eksik olur. Aksine, vak\u0131f \u00fcniversiteleri gen\u00e7li\u011finin maruz kald\u0131\u011f\u0131 neoliberal ku\u015fatman\u0131n \u00e7atlad\u0131\u011f\u0131, bu \u00e7atla\u011f\u0131n i\u00e7inden yeni bir \u00f6\u011frenci hareketinin filizlendi\u011fi bir d\u00f6nemin e\u015fi\u011findeyiz. \u00d6\u011frenciler art\u0131k yaln\u0131zca ma\u011fdur edilen de\u011fil; kendi s\u00f6z\u00fcn\u00fc kuran, birlikte hareket eden, \u00fcniversiteyi savunulacak bir toplumsal alan olarak g\u00f6ren kurucu bir g\u00fc\u00e7. Bu g\u00fc\u00e7, yaln\u0131zca kendi kamp\u00fcs\u00fcnde kalm\u0131yor; ba\u015fka \u00fcniversitelerde s\u00fcren direni\u015flerle birle\u015ferek ortak bir hatta do\u011fru ilerliyor.<\/p>\n\n\n\n<p>Beykent\u2019te geri \u00e7ektirilen yemekhane zamm\u0131, Bah\u00e7e\u015fehir\u2019de kazan\u0131lan e\u011fitim hakk\u0131, Mart ay\u0131nda filizlenen \u00f6rg\u00fctl\u00fc yap\u0131lar\u0131n her biri; yar\u0131n ba\u015fka \u00fcniversitelerde y\u00fckselecek yeni m\u00fccadelelerin \u00f6nc\u00fcs\u00fc olacak. Kamp\u00fcslerin \u00f6n plana \u00e7\u0131kt\u0131\u011f\u0131 bu itiraz dalgas\u0131, sermayenin ku\u015fatt\u0131\u011f\u0131 alanlarda da politikan\u0131n, \u00f6rg\u00fctlenmenin ve direni\u015fin m\u00fcmk\u00fcn oldu\u011funu g\u00f6sterdi.<\/p>\n\n\n\n<p>Bu dalga, vak\u0131f \u00fcniversitelerinin yaln\u0131zca birer ticari yap\u0131 de\u011fil; ayn\u0131 zamanda birer politik mevzi haline gelebilece\u011fini g\u00f6steriyor. Ve bu bilin\u00e7, yaln\u0131zca bug\u00fcn\u00fcn haklar\u0131n\u0131 savunmakla kalm\u0131yor; yar\u0131n\u0131n \u00fcniversitesini kurma iddias\u0131n\u0131 da i\u00e7inde ta\u015f\u0131yor.<br><br><strong>Politik Sonu\u00e7 ve Stratejik Hat: Tohum Ye\u015feriyor<\/strong><\/p>\n\n\n\n<p>Vak\u0131f \u00fcniversiteleri, bug\u00fcn\u00fcn neoliberal ku\u015fatmas\u0131nda yaln\u0131zca piyasala\u015fm\u0131\u015f e\u011fitim politikalar\u0131n\u0131n ta\u015f\u0131y\u0131c\u0131s\u0131 de\u011fil; ayn\u0131 zamanda s\u0131n\u0131fsal \u00e7eli\u015fkilerin ve siyasal gerilimlerin \u00e7\u0131plak bi\u00e7imde ya\u015fand\u0131\u011f\u0131 stratejik alanlard\u0131r. Bu kurumlar, sermayenin ideolojik hegemonyas\u0131n\u0131 kurmaya \u00e7al\u0131\u015ft\u0131\u011f\u0131 \u00f6n cephelerden biridir. Evet, \u00f6\u011frenciler m\u00fc\u015fteri gibi g\u00f6r\u00fclmekte; e\u011fitim, bir hak olmaktan \u00e7\u0131kar\u0131l\u0131p hizmete d\u00f6n\u00fc\u015ft\u00fcr\u00fclmektedir. Ancak bu yap\u0131lar\u0131n i\u00e7inde, memleketin d\u00f6rt bir yan\u0131ndan, farkl\u0131 s\u0131n\u0131fsal zeminlerden gelen binlerce gen\u00e7, ayn\u0131 sistemin y\u00fck\u00fcn\u00fc ta\u015f\u0131makta, ayn\u0131 krizin k\u0131skac\u0131nda hayatta kalmaya \u00e7al\u0131\u015fmaktad\u0131r. Bu y\u00fck yaln\u0131zca ekonomik de\u011fil; k\u00fclt\u00fcrel, siyasal ve toplumsal bask\u0131larla katmerlenmi\u015f bir y\u00fckleni\u015ftir.<\/p>\n\n\n\n<p>Sol, bu alanlara s\u0131rt\u0131n\u0131 d\u00f6nemez. Vak\u0131f \u00fcniversitelerini yaln\u0131zca ele\u015ftirip, oradaki \u00f6\u011frencilerin m\u00fccadelesini g\u00f6rmezden gelmek; gen\u00e7li\u011fin bir kesimini m\u00fccadele d\u0131\u015f\u0131nda b\u0131rakmak, bu alanlar\u0131 sermayeye ve rejimin ideolojik tahakk\u00fcm\u00fcne teslim etmek anlam\u0131na gelir. Oysa biz, bu \u00fcniversitelere y\u0131llar \u00f6nce bir tohum b\u0131rakt\u0131k. O tohum, bug\u00fcn sessizce de\u011fil; kararl\u0131l\u0131kla filizleniyor.<\/p>\n\n\n\n<p>Bu yaz\u0131 yaln\u0131zca bir durum tespiti de\u011fil; y\u00fckselmekte olan bir direni\u015f hatt\u0131n\u0131n siyasal ilan\u0131d\u0131r. Bug\u00fcn vak\u0131f \u00fcniversitelerinde \u00f6\u011frenciler yaln\u0131zca zamlar\u0131 protesto etmiyor. Bu zamlar\u0131n arkas\u0131ndaki yap\u0131sal s\u00f6m\u00fcr\u00fc d\u00fczenini, m\u00fctevelli heyetlerinin s\u0131n\u0131rs\u0131z yetkisini, \u015firketle\u015ftirilmi\u015f \u00fcniversite modelini do\u011frudan sorguluyorlar. Bu, sessiz bir sitem de\u011fil; a\u00e7\u0131k bir politik k\u0131r\u0131lmad\u0131r.<\/p>\n\n\n\n<p>Art\u0131k o \u00fcniversitelerde yaln\u0131zca ma\u011fdur \u00f6\u011frenciler yok. \u00dczerindeki \u00f6l\u00fc topra\u011f\u0131n\u0131 silkeleyen, s\u00f6z\u00fcn\u00fc kuran, birlikte davranan ve \u00f6znele\u015fen bir gen\u00e7lik var. Bu gen\u00e7lik; yaln\u0131zca kendi kamp\u00fcs\u00fcnde de\u011fil, kamp\u00fcsten kamp\u00fcse dayan\u0131\u015fma \u00f6r\u00fcyor. M\u00fccadelesini yaln\u0131zca ekonomik taleplerle s\u0131n\u0131rlam\u0131yor; k\u00fclt\u00fcrel hegemonya alanlar\u0131na, siyasal iktidar ili\u015fkilerine uzat\u0131yor. Direni\u015f, yay\u0131l\u0131yor.<\/p>\n\n\n\n<p>Bize d\u00fc\u015fen g\u00f6rev a\u00e7\u0131kt\u0131r: Bu hareketi yaln\u0131zla\u015ft\u0131rmamak, ayr\u0131mlar \u00fczerinden b\u00f6lmemek, \u201cdevlet mi vak\u0131f m\u0131\u201d diyerek par\u00e7alamamak. Bug\u00fcn\u00fcn g\u00f6revi, sermayeye ve Saray fa\u015fizmine kar\u015f\u0131 gen\u00e7li\u011fin b\u00fct\u00fcn mevzilerini birle\u015ftirmek; kamp\u00fcslerin her yerinden y\u00fckselen itirazlar\u0131 ortak bir stratejik hatta \u00f6rmektir. Vak\u0131f \u00fcniversitelerinde b\u00fcy\u00fcyen \u00f6fkeyi, devlet \u00fcniversitelerinde s\u00fcren direni\u015flerle bulu\u015fturmak; gen\u00e7li\u011fin potansiyelini birle\u015fik bir \u00f6\u011frenci hareketine d\u00f6n\u00fc\u015ft\u00fcrmektir.<\/p>\n\n\n\n<p>E\u011fer bu ad\u0131m\u0131 bug\u00fcnden atmazsak, vak\u0131f \u00fcniversitelerini sistemin yedek g\u00fcc\u00fc haline getirme planlar\u0131na sessiz onay vermi\u015f oluruz. Ama bug\u00fcnden ba\u015flarsak, bu \u00fcniversiteleri m\u00fccadelenin yeni politik mevzilerine \u00e7evirebiliriz.<\/p>\n\n\n\n<p>Ve evet: O m\u00fccadele ba\u015flad\u0131. \u015eimdi onu b\u00fcy\u00fctmek, ortak iradeyi \u00f6rg\u00fctlemek zaman\u0131d\u0131r.<\/p>\n","protected":false},"excerpt":{"rendered":"<p>\u00dcniversiteler art\u0131k yaln\u0131zca bilginin \u00fcretildi\u011fi kamusal alanlar de\u011fil; ayn\u0131 zamanda sermayenin, tahakk\u00fcm ili\u015fkilerini yeniden \u00fcretti\u011fi mek\u00e2nlara d\u00f6n\u00fc\u015fm\u00fc\u015f durumda. \u00d6zellikle vak\u0131f \u00fcniversiteleri, bu d\u00f6n\u00fc\u015f\u00fcm\u00fcn en \u00e7arp\u0131c\u0131 y\u00fcz\u00fcn\u00fc olu\u015fturuyor. Gen\u00e7li\u011fe y\u00f6nelik bask\u0131lar, burada \u00e7ok daha rafine; kariyerist dayatmalar, \u00e7ok daha \u00f6rt\u00fck. \u00d6\u011frencinin \u00f6znesi de\u011fil, m\u00fc\u015fterisi say\u0131ld\u0131\u011f\u0131 bu alanlarda, e\u011fitim hizmetten \u00e7ok piyasa \u00fcr\u00fcn\u00fc; \u00fcniversite ise kamusal bir<\/p>\n","protected":false},"author":1,"featured_media":2959,"comment_status":"open","ping_status":"open","sticky":false,"template":"","format":"standard","meta":{"footnotes":""},"categories":[38,37],"tags":[76,185],"class_list":["post-2958","post","type-post","status-publish","format-standard","has-post-thumbnail","hentry","category-ogrenci-faaliyeti-dergisi","category-yayinlarimiz","tag-universite","tag-vakif"],"_links":{"self":[{"href":"http:\/\/www.ogrencifaaliyeti.com\/index.php\/wp-json\/wp\/v2\/posts\/2958","targetHints":{"allow":["GET"]}}],"collection":[{"href":"http:\/\/www.ogrencifaaliyeti.com\/index.php\/wp-json\/wp\/v2\/posts"}],"about":[{"href":"http:\/\/www.ogrencifaaliyeti.com\/index.php\/wp-json\/wp\/v2\/types\/post"}],"author":[{"embeddable":true,"href":"http:\/\/www.ogrencifaaliyeti.com\/index.php\/wp-json\/wp\/v2\/users\/1"}],"replies":[{"embeddable":true,"href":"http:\/\/www.ogrencifaaliyeti.com\/index.php\/wp-json\/wp\/v2\/comments?post=2958"}],"version-history":[{"count":1,"href":"http:\/\/www.ogrencifaaliyeti.com\/index.php\/wp-json\/wp\/v2\/posts\/2958\/revisions"}],"predecessor-version":[{"id":2960,"href":"http:\/\/www.ogrencifaaliyeti.com\/index.php\/wp-json\/wp\/v2\/posts\/2958\/revisions\/2960"}],"wp:featuredmedia":[{"embeddable":true,"href":"http:\/\/www.ogrencifaaliyeti.com\/index.php\/wp-json\/wp\/v2\/media\/2959"}],"wp:attachment":[{"href":"http:\/\/www.ogrencifaaliyeti.com\/index.php\/wp-json\/wp\/v2\/media?parent=2958"}],"wp:term":[{"taxonomy":"category","embeddable":true,"href":"http:\/\/www.ogrencifaaliyeti.com\/index.php\/wp-json\/wp\/v2\/categories?post=2958"},{"taxonomy":"post_tag","embeddable":true,"href":"http:\/\/www.ogrencifaaliyeti.com\/index.php\/wp-json\/wp\/v2\/tags?post=2958"}],"curies":[{"name":"wp","href":"https:\/\/api.w.org\/{rel}","templated":true}]}}