{"id":2437,"date":"2020-06-22T16:29:48","date_gmt":"2020-06-22T13:29:48","guid":{"rendered":"http:\/\/www.ogrencifaaliyeti.com\/?p=2437"},"modified":"2020-06-22T16:29:50","modified_gmt":"2020-06-22T13:29:50","slug":"roportaj-kampuste-rektor-avmde-patron-ile-gecinemiyoruz-2","status":"publish","type":"post","link":"http:\/\/www.ogrencifaaliyeti.com\/index.php\/2020\/06\/22\/roportaj-kampuste-rektor-avmde-patron-ile-gecinemiyoruz-2\/","title":{"rendered":"#R\u00f6portaj | Kamp\u00fcste rekt\u00f6r, AVM\u2019de patron ile ge\u00e7inemiyoruz"},"content":{"rendered":"\n<p><\/p>\n\n\n\n<p> Ekonomik ve siyasal kayg\u0131larla hayata ge\u00e7irilen normalle\u015fme s\u00fcrecinin ard\u0131ndan AVM\u2019lerde \u00e7al\u0131\u015fmak zorunda b\u0131rak\u0131lan \u00fcniversitelilerle \u00e7al\u0131\u015f\u0131rken ya\u015fan\u0131lan zorluklar\u0131, u\u011frad\u0131klar\u0131 hak gasplar\u0131n\u0131 konu\u015ftuk. <\/p>\n\n\n\n<p><\/p>\n\n\n\n<p><strong>1: Pandemi s\u00fcrecinde al\u0131\u015fveri\u015f merkezlerinin a\u00e7\u0131lmas\u0131n\u0131 nas\u0131l de\u011ferlendiriyorsunuz?<\/strong><br> <br> Olumsuz de\u011ferlendiriyorum. \u0130nsanlar bilin\u00e7sizce al\u0131\u015fveri\u015f yaps\u0131nlar diye AVM\u2019deki \u00e7al\u0131\u015fanlar\u0131n sa\u011fl\u0131k durumu g\u00f6z ard\u0131 ediliyor. Her g\u00fcn maske veya dezenfektan verilmesi bu durumu pek de de\u011fi\u015ftirmiyor. Klimalar s\u00fcrekli kapal\u0131 oldu\u011fundan \u00e7\u00f6lde \u00e7al\u0131\u015f\u0131r gibi hissediyoruz. Maske ve eldivenle \u00e7al\u0131\u015fmak \u00e7ok zorken \u00fczerine bir de havas\u0131zl\u0131k ve nefes alma s\u0131k\u0131nt\u0131s\u0131 \u00e7ekiyoruz. Havaland\u0131rma s\u0131k\u0131nt\u0131s\u0131n\u0131 en az\u0131ndan mola saatleri uzat\u0131larak ya da s\u0131k hale getirerek azaltabilirlerdi. Kendi \u00e7\u0131karlar\u0131n\u0131 g\u00fcden ma\u011faza y\u00f6neticileri reyonda \u00e7al\u0131\u015fan ya da depoda \u00e7al\u0131\u015fan i\u015f\u00e7ileri d\u00fc\u015f\u00fcnm\u00fcyor. Ve elbette \u00e7ok b\u00fcy\u00fck risk alt\u0131nday\u0131z AVM kap\u0131s\u0131ndan i\u00e7eriye girdi\u011fimizde tabuta girmi\u015f gibi hissediyoruz. A\u00e7\u0131lmas\u0131 gereken en son yerlerden birisi olan AVM\u2019ler, kapal\u0131 ortamda vir\u00fcs\u00fcn daha h\u0131zl\u0131 yay\u0131lmas\u0131n\u0131 sa\u011fl\u0131yor. <br><strong> \u00a0<br> 2: Ma\u011faza i\u00e7erisinde vir\u00fcsten korunmak i\u00e7in yeterli dezenfektan, eldiven, maske sa\u011flan\u0131yor mu?<\/strong><br> <br> Her g\u00fcn, bir paket (be\u015fli) maske ve ikili eldiven veriliyor. Dezenfektanlar giri\u015flerde ve belirli noktalarda da mevcut.<br> \u00a0<br><strong> 3: Giyinme kabininde k\u0131yafetler denendikten sonra, denenmi\u015f k\u0131yafetleri tekrar steril durumunu nas\u0131l sa\u011fl\u0131yorsunuz?<\/strong><br> <br> Denenmi\u015f her k\u0131yafetler 24 saat bekletilmekteydi, daha sonra bu uygulama her denenen k\u0131yafete \u00fct\u00fc yap\u0131lmas\u0131 olarak de\u011fi\u015ftirdi. Bu \u015fekilde temizli\u011fi sa\u011flan\u0131yor.<br> \u00a0<br><strong> 4: Normalle\u015fme s\u00fcrecindeki \u00e7al\u0131\u015fma saatleriniz ve i\u015f vereniniz ya da m\u00fcd\u00fcrlerinizin sizinle ileti\u015fimi nas\u0131l?<\/strong><br> <br> Bu s\u00fcre\u00e7te, \u00e7al\u0131\u015fma saatlerimiz \u015firkete g\u00f6re shiftler \u00fczerinden ger\u00e7ekle\u015ftiriliyor. Bizlerden sorumlu olan yetkiliyle irtibat halinde shift ayarlamas\u0131 yap\u0131yoruz. Baz\u0131 y\u00f6neticilerimiz olduk\u00e7a gergin davran\u0131yor.<\/p>\n\n\n\n<p><strong>5: \u0130\u015f yerinizde kalabal\u0131klar olu\u015fuyor mu, bu sizde nas\u0131l bir etki yarat\u0131yor mu?<\/strong><\/p>\n\n\n\n<p>Tabii ki kalabal\u0131k olu\u015fuyor. Sosyal mesafe asla\nuygulanm\u0131yor ve bunun i\u00e7in hi\u00e7bir \u00f6nlem al\u0131nm\u0131yor.&nbsp; Ma\u011faza y\u00f6neticileri ma\u011faza i\u00e7erisinde g\u00fcnde\nbir kere anons ge\u00e7iyorlar \u2018\u00c7al\u0131\u015fan arkada\u015flar\u0131m\u0131zla sosyal mesafeye uygun\nileti\u015fim kural\u0131m.\u2019 gibi fakat bu s\u00fcreci kendileri de uygulam\u0131yor, ma\u011faza\ni\u00e7erisinde s\u0131k\u00e7a yan yana gelen ma\u011faza y\u00f6neticileri m\u00fc\u015fterilerin sadece bir\nanonsla kurallara uyaca\u011f\u0131n\u0131 d\u00fc\u015f\u00fcn\u00fcyor. M\u00fc\u015fteriler her \u015feye dokunuyor,\nkurcal\u0131yor ve biz onlar\u0131 tekrar katlay\u0131p yerine koyuyoruz, asla kurallara uymadan\nileti\u015fim kuruyorlar.&nbsp; Covid-19 \u00f6ncesinde,\ns\u00fcrecinde ne de normalle\u015femeyen normalle\u015fme s\u00fcrecinde depolar\u0131m\u0131z steril de\u011fil.\nReyonda \u00e7al\u0131\u015fan arkada\u015flar\u0131m\u0131z \u00e7ok yak\u0131ndan insanlarla ileti\u015fim kurup bunun\ns\u0131k\u0131nt\u0131s\u0131n\u0131 \u00e7ekerken depoda \u00e7al\u0131\u015fan arkada\u015flar\u0131m\u0131z ise Covid-19 asla depolara\ngirmezmi\u015f \u00e7al\u0131\u015f\u0131yorlar. K\u00fc\u00e7\u00fck, havas\u0131z, binlerce \u00fcr\u00fcn\u00fcn i\u00e7erisinde s\u0131k\u0131\u015f\u0131k\nhalde saatlerce ayakta \u00e7al\u0131\u015f\u0131yorlar. Kasa da \u00e7al\u0131\u015fan arkada\u015flar\u0131m\u0131z\u0131n s\u0131k\u0131nt\u0131s\u0131\nise t\u00fcm ma\u011fazay\u0131 gezmi\u015f her \u015feye dokunmu\u015f olan m\u00fc\u015fterilerle kar\u015f\u0131 kar\u015f\u0131ya kalmak.\nM\u00fc\u015fteri nakit olarak \u00f6deme mi yapacak acaba diye tedirginlikle bekliyorlar.<\/p>\n\n\n\n<p><strong>6: Vaka say\u0131lar\u0131 dalgal\u0131 bir seyir izliyor. Her g\u00fcn i\u015fe giderken tedirgin oluyor musunuz, biraz bahsedebilir misiniz?<\/strong><\/p>\n\n\n\n<p>Bu s\u00fcre\u00e7te i\u015fe giderken de toplu ta\u015f\u0131ma kullanmak\ndurumunday\u0131z ve g\u00fcn\u00fcn her saatinde \u00e7ok kalabal\u0131k oluyor. Ma\u011fazada yakalanmazsak\nmuhakkak ma\u011fazaya ula\u015fmaya \u00e7al\u0131\u015f\u0131rken yakalanaca\u011f\u0131z vir\u00fcse. Bunun \u00e7\u00f6z\u00fcm\u00fcn\u00fc \u015firket\nservis sa\u011flayarak yapabilirdi fakat patronlar bir \u00e7\u00f6z\u00fcm d\u00fc\u015f\u00fcnseydi zaten\nma\u011fazalar\u0131 a\u00e7mazlard\u0131.<\/p>\n\n\n\n<p><strong>7: Akl\u0131n\u0131za gelen ya da bahsetmek istedi\u011finiz ba\u015fka bir ley var m\u0131?<\/strong><\/p>\n\n\n\n<p>Ma\u011fazan\u0131n i\u00e7erisindeki ofis b\u00f6l\u00fcm\u00fcnde pandemi ile\nilgili bilgilendirme afi\u015fi as\u0131l\u0131 durmakta. Bu afi\u015f i\u00e7erisinde \u2018\u2019Maske ile \u00e7al\u0131\u015f\u0131yorum.\n\u2018\u2019, \u2018\u2019Eldiven ile \u00e7al\u0131\u015f\u0131yorum. \u2018\u2019, \u2018\u2019Giri\u015flerde ate\u015f \u00f6l\u00e7\u00fcm\u00fc yap\u0131l\u0131yor.\u2019\u2019 Gibi\nmaddeler buluyor fakat benim g\u00f6z\u00fcme en \u00e7ok \u00e7arpan madde \u2018\u20192 saatte bir 15\ndakika molaya \u00e7\u0131k\u0131yorum.\u2019\u2019 Maddesiydi \u00e7\u00fcnk\u00fc bu maddeyi hi\u00e7bir \u015fekilde\nuygulamad\u0131k. Ofiste gururla ast\u0131klar\u0131 o afi\u015f asl\u0131nda birilerinin vicdan rahatlatmas\u0131.\n<\/p>\n\n\n\n<p>Ma\u011faza giri\u015finde ate\u015f \u00f6l\u00e7\u00fcm\u00fc yap\u0131l\u0131yor fakat ben bunun\nsa\u011fl\u0131kl\u0131 oldu\u011funu d\u00fc\u015f\u00fcnm\u00fcyorum. Tahminimce ate\u015f \u00f6l\u00e7erin ayarlar\u0131yla oynad\u0131lar\n\u00e7\u00fcnk\u00fc her \u00e7al\u0131\u015fan arkada\u015f\u0131m\u0131z\u0131n -buna bende dahilim- ate\u015fi ayn\u0131 olmaz. Her g\u00fcn\nayn\u0131 oranda \u00e7\u0131k\u0131yor ve herkesin ayn\u0131 oluyor bu bana pek inand\u0131r\u0131c\u0131 gelmedi\na\u00e7\u0131k\u00e7as\u0131.<\/p>\n\n\n\n<p><\/p>\n","protected":false},"excerpt":{"rendered":"<p>Ekonomik ve siyasal kayg\u0131larla hayata ge\u00e7irilen normalle\u015fme s\u00fcrecinin ard\u0131ndan AVM\u2019lerde \u00e7al\u0131\u015fmak zorunda b\u0131rak\u0131lan \u00fcniversitelilerle \u00e7al\u0131\u015f\u0131rken ya\u015fan\u0131lan zorluklar\u0131, u\u011frad\u0131klar\u0131 hak gasplar\u0131n\u0131 konu\u015ftuk. 1: Pandemi s\u00fcrecinde al\u0131\u015fveri\u015f merkezlerinin a\u00e7\u0131lmas\u0131n\u0131 nas\u0131l de\u011ferlendiriyorsunuz? Olumsuz de\u011ferlendiriyorum. \u0130nsanlar bilin\u00e7sizce al\u0131\u015fveri\u015f yaps\u0131nlar diye AVM\u2019deki \u00e7al\u0131\u015fanlar\u0131n sa\u011fl\u0131k durumu g\u00f6z ard\u0131 ediliyor. Her g\u00fcn maske veya dezenfektan verilmesi bu durumu pek de de\u011fi\u015ftirmiyor. Klimalar<\/p>\n","protected":false},"author":1,"featured_media":2438,"comment_status":"open","ping_status":"open","sticky":false,"template":"","format":"standard","meta":{"footnotes":""},"categories":[41,46],"tags":[],"class_list":["post-2437","post","type-post","status-publish","format-standard","has-post-thumbnail","hentry","category-manset","category-ogrenci"],"_links":{"self":[{"href":"http:\/\/www.ogrencifaaliyeti.com\/index.php\/wp-json\/wp\/v2\/posts\/2437","targetHints":{"allow":["GET"]}}],"collection":[{"href":"http:\/\/www.ogrencifaaliyeti.com\/index.php\/wp-json\/wp\/v2\/posts"}],"about":[{"href":"http:\/\/www.ogrencifaaliyeti.com\/index.php\/wp-json\/wp\/v2\/types\/post"}],"author":[{"embeddable":true,"href":"http:\/\/www.ogrencifaaliyeti.com\/index.php\/wp-json\/wp\/v2\/users\/1"}],"replies":[{"embeddable":true,"href":"http:\/\/www.ogrencifaaliyeti.com\/index.php\/wp-json\/wp\/v2\/comments?post=2437"}],"version-history":[{"count":1,"href":"http:\/\/www.ogrencifaaliyeti.com\/index.php\/wp-json\/wp\/v2\/posts\/2437\/revisions"}],"predecessor-version":[{"id":2439,"href":"http:\/\/www.ogrencifaaliyeti.com\/index.php\/wp-json\/wp\/v2\/posts\/2437\/revisions\/2439"}],"wp:featuredmedia":[{"embeddable":true,"href":"http:\/\/www.ogrencifaaliyeti.com\/index.php\/wp-json\/wp\/v2\/media\/2438"}],"wp:attachment":[{"href":"http:\/\/www.ogrencifaaliyeti.com\/index.php\/wp-json\/wp\/v2\/media?parent=2437"}],"wp:term":[{"taxonomy":"category","embeddable":true,"href":"http:\/\/www.ogrencifaaliyeti.com\/index.php\/wp-json\/wp\/v2\/categories?post=2437"},{"taxonomy":"post_tag","embeddable":true,"href":"http:\/\/www.ogrencifaaliyeti.com\/index.php\/wp-json\/wp\/v2\/tags?post=2437"}],"curies":[{"name":"wp","href":"https:\/\/api.w.org\/{rel}","templated":true}]}}