{"id":2433,"date":"2020-06-16T20:00:30","date_gmt":"2020-06-16T17:00:30","guid":{"rendered":"http:\/\/www.ogrencifaaliyeti.com\/?p=2433"},"modified":"2020-06-17T00:57:41","modified_gmt":"2020-06-16T21:57:41","slug":"roportaj-kampuste-rektor-avmde-patron-ile-gecinemiyoruz","status":"publish","type":"post","link":"http:\/\/www.ogrencifaaliyeti.com\/index.php\/2020\/06\/16\/roportaj-kampuste-rektor-avmde-patron-ile-gecinemiyoruz\/","title":{"rendered":"#R\u00f6portaj | Kamp\u00fcste rekt\u00f6r, AVM&#8217;de patron ile ge\u00e7inemiyoruz"},"content":{"rendered":"\n<p><\/p>\n\n\n\n<p>Ekonomik ve siyasal kayg\u0131larla hayata ge\u00e7irilen normalle\u015fme s\u00fcrecinin ard\u0131ndan AVM&#8217;lerde \u00e7al\u0131\u015fmak zorunda b\u0131rak\u0131lan \u00fcniversitelilerle \u00e7al\u0131\u015f\u0131rken ya\u015fan\u0131lan zorluklar\u0131, u\u011frad\u0131klar\u0131 hak gasplar\u0131n\u0131 konu\u015ftuk.<\/p>\n\n\n\n<p><strong>Pandemi s\u00fcrecinde al\u0131\u015fveri\u015f merkezlerinin a\u00e7\u0131lmas\u0131n\u0131 nas\u0131l de\u011ferlendiriyorsunuz ?<\/strong><br><br>Kesinlikle do\u011fru bulmuyorum \u00e7\u00fcnk\u00fc sa\u011fl\u0131kl\u0131 bir ortam sa\u011flanam\u0131yor.<br><br><strong>Ma\u011faza i\u00e7erisinde vir\u00fcsten korunmak i\u00e7in yeterli dezenfekten, eldiven, maske sa\u011flan\u0131yor mu<\/strong>?<br><br>Her ma\u011faza i\u00e7in koruyucular yeterli sa\u011flan\u0131yor diyemem , Mavi ma\u011fazas\u0131 bunu sa\u011flayam\u0131yor. LC Wa\u0131k\u0131k\u0131 m\u00fcmk\u00fcn mertebe de olsa sa\u011fl\u0131yor diyebilirim ,sosyal mesafe kural\u0131na ma\u011faza \u00e7al\u0131\u015fanlar\u0131 uyuyor, m\u00fc\u015fteriler s\u00fcrekli uyar\u0131l\u0131yor fakat gerek sosyal mesafe gerek ma\u011faza i\u00e7inde maske takmaya pek \u00f6zen g\u00f6stermiyor m\u00fc\u015fteriler, bundan \u00e7ok\u00e7a \u015fikayet\u00e7iyiz ve tehlike alt\u0131nday\u0131z. <br><br><strong>Giyinme kabininde k\u0131yafetler denendikten sonra , denenmi\u015f k\u0131yafetleri tekrar steril durumunu nas\u0131l sa\u011fl\u0131yorsunuz ? <\/strong><br><br>\u00d6ncelikle giyinme kabininde bir kabin a\u00e7\u0131k biri kapal\u0131 olarak sa\u011flan\u0131yor, m\u00fc\u015fteri \u00fcr\u00fcn\u00fc denedikten sonra y\u00fcksek buharl\u0131 \u00fct\u00fc ile \u00fct\u00fcl\u00fcyoruz ondan sonra reyona geri veriyoruz.<br><br><strong>\u0130zdiham durumlar\u0131na kar\u015f\u0131 nas\u0131l bir \u00f6nlem al\u0131nd\u0131?<\/strong><br><br>\u0130zdiham durumunda ma\u011faza kesinlikle kapat\u0131lacak.<br><br><strong>De\u011finmek istedi\u011fin ba\u015fka sorunlar neler ?<\/strong> <br><br>Kapal\u0131 AVM&#8217;lerde sadece kap\u0131da var sosyal mesafe, i\u00e7eri girerken maskesiz alm\u0131yoruz diyorlar ,ate\u015f \u00f6l\u00e7\u00fcl\u00fcyor ama kap\u0131dan sonras\u0131nda m\u00fc\u015fteri i\u00e7erde maskeyi a\u011fz\u0131na m\u0131 burnuna m\u0131 yoksa \u00e7ene alt\u0131na m\u0131 takm\u0131\u015f denetleyen yok her tarafa yaz\u0131 yazm\u0131\u015flar ama yaz\u0131lar\u0131 hat\u0131rlatan g\u00f6revli yok. <\/p>\n\n\n\n<p>HAVALANDIRMA UZMANINDAN UYARI <br><br><em>&#8220;Sayg\u0131de\u011fer arkada\u015flar\u0131m. 11 May\u0131s Pazartesinden itibaren AVM&#8217;ler a\u00e7\u0131lacak. Mesle\u011fim gere\u011fi bu t\u00fcr kapal\u0131 mekanlar\u0131n 42 y\u0131ld\u0131r \u0131s\u0131tma, so\u011futma, havaland\u0131rma sistemlerini projelendirip uygulamas\u0131n\u0131 yapm\u0131\u015f bir ki\u015fi olarak s\u00f6yl\u00fcyorum: kendinizin ve sevdiklerinizin sa\u011fl\u0131\u011f\u0131 i\u00e7in AVM&#8217;lere kesinlikle girmeyin. Bu t\u00fcr ortamlar\u0131n \u0131s\u0131tma-so\u011futma sistemleri havaland\u0131rma ile yap\u0131l\u0131r ve bu sistemler enerji tasarrufu i\u00e7in hi\u00e7bir zaman %100 taze hava ile \u00e7al\u0131\u015ft\u0131r\u0131lmazlar. Ortam havas\u0131n\u0131n \u00f6nemli bir k\u0131sm\u0131 \u0131s\u0131t\u0131larak ( veya so\u011futularak) yeniden mekana \u00fcflenir. Mekanda bir tane bile Covid-19 hastas\u0131 varsa; vir\u00fcs t\u00fcm havaland\u0131rma sistemi ile ortama da\u011f\u0131t\u0131l\u0131r. Sosyal mesafeyi korusan\u0131z bile, kullanaca\u011f\u0131n\u0131z maske hepa filtre de\u011fildir ve sizi korumaz. Bu nedenle sosyal sorumlulu\u011fum gere\u011fi sizlere ; Covid-19 tehlikesi tamamen ge\u00e7ene kadar AVM&#8217;ler gibi kalabal\u0131k kapal\u0131 mekanlardan uzak durman\u0131z\u0131 \u00f6neririm. Herkese sevgi ve sayg\u0131lar\u0131mla sa\u011fl\u0131kl\u0131 g\u00fcnler dilerim.&#8221;<\/em><\/p>\n\n\n\n<p><\/p>\n","protected":false},"excerpt":{"rendered":"<p>Ekonomik ve siyasal kayg\u0131larla hayata ge\u00e7irilen normalle\u015fme s\u00fcrecinin ard\u0131ndan AVM&#8217;lerde \u00e7al\u0131\u015fmak zorunda b\u0131rak\u0131lan \u00fcniversitelilerle \u00e7al\u0131\u015f\u0131rken ya\u015fan\u0131lan zorluklar\u0131, u\u011frad\u0131klar\u0131 hak gasplar\u0131n\u0131 konu\u015ftuk. Pandemi s\u00fcrecinde al\u0131\u015fveri\u015f merkezlerinin a\u00e7\u0131lmas\u0131n\u0131 nas\u0131l de\u011ferlendiriyorsunuz ? Kesinlikle do\u011fru bulmuyorum \u00e7\u00fcnk\u00fc sa\u011fl\u0131kl\u0131 bir ortam sa\u011flanam\u0131yor. Ma\u011faza i\u00e7erisinde vir\u00fcsten korunmak i\u00e7in yeterli dezenfekten, eldiven, maske sa\u011flan\u0131yor mu? Her ma\u011faza i\u00e7in koruyucular yeterli sa\u011flan\u0131yor diyemem<\/p>\n","protected":false},"author":1,"featured_media":2434,"comment_status":"open","ping_status":"open","sticky":false,"template":"","format":"standard","meta":{"footnotes":""},"categories":[41,46],"tags":[],"class_list":["post-2433","post","type-post","status-publish","format-standard","has-post-thumbnail","hentry","category-manset","category-ogrenci"],"_links":{"self":[{"href":"http:\/\/www.ogrencifaaliyeti.com\/index.php\/wp-json\/wp\/v2\/posts\/2433","targetHints":{"allow":["GET"]}}],"collection":[{"href":"http:\/\/www.ogrencifaaliyeti.com\/index.php\/wp-json\/wp\/v2\/posts"}],"about":[{"href":"http:\/\/www.ogrencifaaliyeti.com\/index.php\/wp-json\/wp\/v2\/types\/post"}],"author":[{"embeddable":true,"href":"http:\/\/www.ogrencifaaliyeti.com\/index.php\/wp-json\/wp\/v2\/users\/1"}],"replies":[{"embeddable":true,"href":"http:\/\/www.ogrencifaaliyeti.com\/index.php\/wp-json\/wp\/v2\/comments?post=2433"}],"version-history":[{"count":2,"href":"http:\/\/www.ogrencifaaliyeti.com\/index.php\/wp-json\/wp\/v2\/posts\/2433\/revisions"}],"predecessor-version":[{"id":2436,"href":"http:\/\/www.ogrencifaaliyeti.com\/index.php\/wp-json\/wp\/v2\/posts\/2433\/revisions\/2436"}],"wp:featuredmedia":[{"embeddable":true,"href":"http:\/\/www.ogrencifaaliyeti.com\/index.php\/wp-json\/wp\/v2\/media\/2434"}],"wp:attachment":[{"href":"http:\/\/www.ogrencifaaliyeti.com\/index.php\/wp-json\/wp\/v2\/media?parent=2433"}],"wp:term":[{"taxonomy":"category","embeddable":true,"href":"http:\/\/www.ogrencifaaliyeti.com\/index.php\/wp-json\/wp\/v2\/categories?post=2433"},{"taxonomy":"post_tag","embeddable":true,"href":"http:\/\/www.ogrencifaaliyeti.com\/index.php\/wp-json\/wp\/v2\/tags?post=2433"}],"curies":[{"name":"wp","href":"https:\/\/api.w.org\/{rel}","templated":true}]}}